{"id":4299,"date":"2023-01-17T17:25:23","date_gmt":"2023-01-17T16:25:23","guid":{"rendered":"https:\/\/jarnac-champagne.fr\/\/\/?p=4299"},"modified":"2023-01-17T17:27:00","modified_gmt":"2023-01-17T16:27:00","slug":"poire-belle-helene-revisitee-au-menu","status":"publish","type":"post","link":"https:\/\/jarnac-champagne.fr\/index.php\/2023\/01\/17\/poire-belle-helene-revisitee-au-menu\/","title":{"rendered":"Poire Belle-H\u00e9l\u00e8ne revisit\u00e9e au menu"},"content":{"rendered":"\n<p>La semaine derni\u00e8re, chef Yoan avait d\u00e9cid\u00e9 de revisiter la poire Belle-H\u00e9l\u00e8ne et voici le r\u00e9sultat&#8230;<\/p>\n\n\n\n<p>Un fond de tarte, une belle \u00e9paisseur de chocolat sur un lit de poires et un peu de chantilly.<\/p>\n\n\n\n<p>Les \u00e9l\u00e8ves se sont r\u00e9gal\u00e9s para\u00eet-il&#8230;<\/p>\n\n\n\n<figure class=\"wp-block-image aligncenter size-large\"><img loading=\"lazy\" decoding=\"async\" width=\"768\" height=\"1024\" src=\"https:\/\/jarnac-champagne.fr\/\/\/wp-content\/uploads\/2023\/01\/Tarte_Choco-768x1024.jpg\" alt=\"\" class=\"wp-image-4300\" srcset=\"https:\/\/jarnac-champagne.fr\/wp-content\/uploads\/2023\/01\/Tarte_Choco-768x1024.jpg 768w, https:\/\/jarnac-champagne.fr\/wp-content\/uploads\/2023\/01\/Tarte_Choco-225x300.jpg 225w, https:\/\/jarnac-champagne.fr\/wp-content\/uploads\/2023\/01\/Tarte_Choco-1152x1536.jpg 1152w, https:\/\/jarnac-champagne.fr\/wp-content\/uploads\/2023\/01\/Tarte_Choco-1536x2048.jpg 1536w, https:\/\/jarnac-champagne.fr\/wp-content\/uploads\/2023\/01\/Tarte_Choco-scaled.jpg 1920w\" sizes=\"auto, (max-width: 768px) 100vw, 768px\" \/><\/figure>\n","protected":false},"excerpt":{"rendered":"<p>La semaine derni\u00e8re, chef Yoan avait d\u00e9cid\u00e9 de revisiter la poire Belle-H\u00e9l\u00e8ne et voici le r\u00e9sultat&#8230; Un fond de tarte,<\/p>\n","protected":false},"author":1,"featured_media":103,"comment_status":"open","ping_status":"open","sticky":false,"template":"","format":"standard","meta":{"colormag_page_container_layout":"default_layout","colormag_page_sidebar_layout":"default_layout","footnotes":""},"categories":[5],"tags":[],"class_list":["post-4299","post","type-post","status-publish","format-standard","has-post-thumbnail","hentry","category-infos-ecole"],"_links":{"self":[{"href":"https:\/\/jarnac-champagne.fr\/index.php\/wp-json\/wp\/v2\/posts\/4299","targetHints":{"allow":["GET"]}}],"collection":[{"href":"https:\/\/jarnac-champagne.fr\/index.php\/wp-json\/wp\/v2\/posts"}],"about":[{"href":"https:\/\/jarnac-champagne.fr\/index.php\/wp-json\/wp\/v2\/types\/post"}],"author":[{"embeddable":true,"href":"https:\/\/jarnac-champagne.fr\/index.php\/wp-json\/wp\/v2\/users\/1"}],"replies":[{"embeddable":true,"href":"https:\/\/jarnac-champagne.fr\/index.php\/wp-json\/wp\/v2\/comments?post=4299"}],"version-history":[{"count":2,"href":"https:\/\/jarnac-champagne.fr\/index.php\/wp-json\/wp\/v2\/posts\/4299\/revisions"}],"predecessor-version":[{"id":4303,"href":"https:\/\/jarnac-champagne.fr\/index.php\/wp-json\/wp\/v2\/posts\/4299\/revisions\/4303"}],"wp:featuredmedia":[{"embeddable":true,"href":"https:\/\/jarnac-champagne.fr\/index.php\/wp-json\/wp\/v2\/media\/103"}],"wp:attachment":[{"href":"https:\/\/jarnac-champagne.fr\/index.php\/wp-json\/wp\/v2\/media?parent=4299"}],"wp:term":[{"taxonomy":"category","embeddable":true,"href":"https:\/\/jarnac-champagne.fr\/index.php\/wp-json\/wp\/v2\/categories?post=4299"},{"taxonomy":"post_tag","embeddable":true,"href":"https:\/\/jarnac-champagne.fr\/index.php\/wp-json\/wp\/v2\/tags?post=4299"}],"curies":[{"name":"wp","href":"https:\/\/api.w.org\/{rel}","templated":true}]}}