{"id":4304,"date":"2023-01-17T23:08:26","date_gmt":"2023-01-17T22:08:26","guid":{"rendered":"https:\/\/jarnac-champagne.fr\/?p=4304"},"modified":"2023-01-17T23:08:28","modified_gmt":"2023-01-17T22:08:28","slug":"voeux-du-maire","status":"publish","type":"post","link":"https:\/\/jarnac-champagne.fr\/index.php\/2023\/01\/17\/voeux-du-maire\/","title":{"rendered":"V\u0153ux du Maire"},"content":{"rendered":"\n<p>Enfin, la traditionnelle c\u00e9r\u00e9monie des v\u0153ux du Maire a pu avoir lieu cette ann\u00e9e. Vendredi 13 janvier, environ 200 personnes \u00e9taient pr\u00e9sentes dans la salle polyvalente.<\/p>\n\n\n\n<p>Un moment important d&rsquo;\u00e9changes et de rencontres et l&rsquo;occasion de pr\u00e9senter l&rsquo;\u00e9quipe municipale apr\u00e8s avoir fait un bilan et \u00e9voquer les grandes orientations de l&rsquo;ann\u00e9e.<\/p>\n\n\n\n<p>C&rsquo;est autour du verre de l&rsquo;amiti\u00e9 accompagn\u00e9 de quelques gourmandises sal\u00e9es et sucr\u00e9es que s&rsquo;est achev\u00e9e cette soir\u00e9e fort sympathique.<\/p>\n\n\n\n<p>Nous vous remercions d&rsquo;\u00eatre venus si nombreux, preuve que ce rendez-vous manquait.<\/p>\n\n\n\n<p>Merci \u00e0 nos conseillers d\u00e9partementaux, Mme Guimberteau et M.Cabri et \u00e0 M.le D\u00e9put\u00e9, M.G\u00e9rard. Sans oublier tous nos partenaires et services qui nous accompagnent tout au long de l&rsquo;ann\u00e9e.<\/p>\n\n\n\n<p>Merci \u00e0 la boucherie Moreau, au restaurant Le Coude \u00e0 Coude et au chef Yoan de la cantine pour leur participation.<\/p>\n\n\n\n<figure class=\"wp-block-gallery has-nested-images columns-default is-cropped wp-block-gallery-1 is-layout-flex wp-block-gallery-is-layout-flex\">\n<figure class=\"wp-block-image size-large\"><img loading=\"lazy\" decoding=\"async\" width=\"1024\" height=\"628\" data-id=\"4308\" src=\"https:\/\/jarnac-champagne.fr\/wp-content\/uploads\/2023\/01\/Voeux_20237.jpg\" alt=\"\" class=\"wp-image-4308\" srcset=\"https:\/\/jarnac-champagne.fr\/wp-content\/uploads\/2023\/01\/Voeux_20237.jpg 1024w, https:\/\/jarnac-champagne.fr\/wp-content\/uploads\/2023\/01\/Voeux_20237-300x184.jpg 300w, https:\/\/jarnac-champagne.fr\/wp-content\/uploads\/2023\/01\/Voeux_20237-768x471.jpg 768w\" sizes=\"auto, (max-width: 1024px) 100vw, 1024px\" \/><\/figure>\n\n\n\n<figure class=\"wp-block-image size-large\"><img loading=\"lazy\" decoding=\"async\" width=\"1024\" height=\"768\" data-id=\"4311\" src=\"https:\/\/jarnac-champagne.fr\/wp-content\/uploads\/2023\/01\/Voeux_20235.jpg\" alt=\"\" class=\"wp-image-4311\" srcset=\"https:\/\/jarnac-champagne.fr\/wp-content\/uploads\/2023\/01\/Voeux_20235.jpg 1024w, https:\/\/jarnac-champagne.fr\/wp-content\/uploads\/2023\/01\/Voeux_20235-300x225.jpg 300w, https:\/\/jarnac-champagne.fr\/wp-content\/uploads\/2023\/01\/Voeux_20235-768x576.jpg 768w\" sizes=\"auto, (max-width: 1024px) 100vw, 1024px\" \/><\/figure>\n\n\n\n<figure class=\"wp-block-image size-large\"><img loading=\"lazy\" decoding=\"async\" width=\"1024\" height=\"445\" data-id=\"4312\" src=\"https:\/\/jarnac-champagne.fr\/wp-content\/uploads\/2023\/01\/Voeux_20236.jpg\" alt=\"\" class=\"wp-image-4312\" srcset=\"https:\/\/jarnac-champagne.fr\/wp-content\/uploads\/2023\/01\/Voeux_20236.jpg 1024w, https:\/\/jarnac-champagne.fr\/wp-content\/uploads\/2023\/01\/Voeux_20236-300x130.jpg 300w, https:\/\/jarnac-champagne.fr\/wp-content\/uploads\/2023\/01\/Voeux_20236-768x334.jpg 768w\" sizes=\"auto, (max-width: 1024px) 100vw, 1024px\" \/><\/figure>\n\n\n\n<figure class=\"wp-block-image size-large\"><img loading=\"lazy\" decoding=\"async\" width=\"766\" height=\"1024\" data-id=\"4307\" src=\"https:\/\/jarnac-champagne.fr\/wp-content\/uploads\/2023\/01\/Voeux_20238.jpg\" alt=\"\" class=\"wp-image-4307\" srcset=\"https:\/\/jarnac-champagne.fr\/wp-content\/uploads\/2023\/01\/Voeux_20238.jpg 766w, https:\/\/jarnac-champagne.fr\/wp-content\/uploads\/2023\/01\/Voeux_20238-224x300.jpg 224w\" sizes=\"auto, (max-width: 766px) 100vw, 766px\" \/><\/figure>\n\n\n\n<figure class=\"wp-block-image size-large\"><img loading=\"lazy\" decoding=\"async\" width=\"1024\" height=\"768\" data-id=\"4310\" src=\"https:\/\/jarnac-champagne.fr\/wp-content\/uploads\/2023\/01\/Voeux_20233-1024x768.jpg\" alt=\"\" class=\"wp-image-4310\" srcset=\"https:\/\/jarnac-champagne.fr\/wp-content\/uploads\/2023\/01\/Voeux_20233-1024x768.jpg 1024w, https:\/\/jarnac-champagne.fr\/wp-content\/uploads\/2023\/01\/Voeux_20233-300x225.jpg 300w, https:\/\/jarnac-champagne.fr\/wp-content\/uploads\/2023\/01\/Voeux_20233-768x576.jpg 768w, https:\/\/jarnac-champagne.fr\/wp-content\/uploads\/2023\/01\/Voeux_20233.jpg 1080w\" sizes=\"auto, (max-width: 1024px) 100vw, 1024px\" \/><\/figure>\n\n\n\n<figure class=\"wp-block-image size-large\"><img loading=\"lazy\" decoding=\"async\" width=\"800\" height=\"600\" data-id=\"4313\" src=\"https:\/\/jarnac-champagne.fr\/wp-content\/uploads\/2023\/01\/Voeux_20230.jpg\" alt=\"\" class=\"wp-image-4313\" srcset=\"https:\/\/jarnac-champagne.fr\/wp-content\/uploads\/2023\/01\/Voeux_20230.jpg 800w, https:\/\/jarnac-champagne.fr\/wp-content\/uploads\/2023\/01\/Voeux_20230-300x225.jpg 300w, https:\/\/jarnac-champagne.fr\/wp-content\/uploads\/2023\/01\/Voeux_20230-768x576.jpg 768w\" sizes=\"auto, (max-width: 800px) 100vw, 800px\" \/><\/figure>\n\n\n\n<figure class=\"wp-block-image size-large\"><img loading=\"lazy\" decoding=\"async\" width=\"800\" height=\"600\" data-id=\"4314\" src=\"https:\/\/jarnac-champagne.fr\/wp-content\/uploads\/2023\/01\/Voeux_20234.jpg\" alt=\"\" class=\"wp-image-4314\" srcset=\"https:\/\/jarnac-champagne.fr\/wp-content\/uploads\/2023\/01\/Voeux_20234.jpg 800w, https:\/\/jarnac-champagne.fr\/wp-content\/uploads\/2023\/01\/Voeux_20234-300x225.jpg 300w, https:\/\/jarnac-champagne.fr\/wp-content\/uploads\/2023\/01\/Voeux_20234-768x576.jpg 768w\" sizes=\"auto, (max-width: 800px) 100vw, 800px\" \/><\/figure>\n\n\n\n<figure class=\"wp-block-image size-large\"><img loading=\"lazy\" decoding=\"async\" width=\"600\" height=\"800\" data-id=\"4306\" src=\"https:\/\/jarnac-champagne.fr\/wp-content\/uploads\/2023\/01\/Voeux_20231.jpg\" alt=\"\" class=\"wp-image-4306\" srcset=\"https:\/\/jarnac-champagne.fr\/wp-content\/uploads\/2023\/01\/Voeux_20231.jpg 600w, https:\/\/jarnac-champagne.fr\/wp-content\/uploads\/2023\/01\/Voeux_20231-225x300.jpg 225w\" sizes=\"auto, (max-width: 600px) 100vw, 600px\" \/><\/figure>\n\n\n\n<figure class=\"wp-block-image size-large\"><img loading=\"lazy\" decoding=\"async\" width=\"1024\" height=\"768\" data-id=\"4309\" src=\"https:\/\/jarnac-champagne.fr\/wp-content\/uploads\/2023\/01\/Voeux_20232-1024x768.jpg\" alt=\"\" class=\"wp-image-4309\" srcset=\"https:\/\/jarnac-champagne.fr\/wp-content\/uploads\/2023\/01\/Voeux_20232-1024x768.jpg 1024w, https:\/\/jarnac-champagne.fr\/wp-content\/uploads\/2023\/01\/Voeux_20232-300x225.jpg 300w, https:\/\/jarnac-champagne.fr\/wp-content\/uploads\/2023\/01\/Voeux_20232-768x576.jpg 768w, https:\/\/jarnac-champagne.fr\/wp-content\/uploads\/2023\/01\/Voeux_20232.jpg 1080w\" sizes=\"auto, (max-width: 1024px) 100vw, 1024px\" \/><\/figure>\n<\/figure>\n","protected":false},"excerpt":{"rendered":"<p>Enfin, la traditionnelle c\u00e9r\u00e9monie des v\u0153ux du Maire a pu avoir lieu cette ann\u00e9e. Vendredi 13 janvier, environ 200 personnes<\/p>\n","protected":false},"author":1,"featured_media":105,"comment_status":"open","ping_status":"open","sticky":false,"template":"","format":"standard","meta":{"colormag_page_container_layout":"default_layout","colormag_page_sidebar_layout":"default_layout","footnotes":""},"categories":[4],"tags":[],"class_list":["post-4304","post","type-post","status-publish","format-standard","has-post-thumbnail","hentry","category-infos-mairie"],"_links":{"self":[{"href":"https:\/\/jarnac-champagne.fr\/index.php\/wp-json\/wp\/v2\/posts\/4304","targetHints":{"allow":["GET"]}}],"collection":[{"href":"https:\/\/jarnac-champagne.fr\/index.php\/wp-json\/wp\/v2\/posts"}],"about":[{"href":"https:\/\/jarnac-champagne.fr\/index.php\/wp-json\/wp\/v2\/types\/post"}],"author":[{"embeddable":true,"href":"https:\/\/jarnac-champagne.fr\/index.php\/wp-json\/wp\/v2\/users\/1"}],"replies":[{"embeddable":true,"href":"https:\/\/jarnac-champagne.fr\/index.php\/wp-json\/wp\/v2\/comments?post=4304"}],"version-history":[{"count":2,"href":"https:\/\/jarnac-champagne.fr\/index.php\/wp-json\/wp\/v2\/posts\/4304\/revisions"}],"predecessor-version":[{"id":4315,"href":"https:\/\/jarnac-champagne.fr\/index.php\/wp-json\/wp\/v2\/posts\/4304\/revisions\/4315"}],"wp:featuredmedia":[{"embeddable":true,"href":"https:\/\/jarnac-champagne.fr\/index.php\/wp-json\/wp\/v2\/media\/105"}],"wp:attachment":[{"href":"https:\/\/jarnac-champagne.fr\/index.php\/wp-json\/wp\/v2\/media?parent=4304"}],"wp:term":[{"taxonomy":"category","embeddable":true,"href":"https:\/\/jarnac-champagne.fr\/index.php\/wp-json\/wp\/v2\/categories?post=4304"},{"taxonomy":"post_tag","embeddable":true,"href":"https:\/\/jarnac-champagne.fr\/index.php\/wp-json\/wp\/v2\/tags?post=4304"}],"curies":[{"name":"wp","href":"https:\/\/api.w.org\/{rel}","templated":true}]}}