{"id":432,"date":"2020-05-12T23:10:15","date_gmt":"2020-05-12T21:10:15","guid":{"rendered":"https:\/\/jarnac-champagne.fr\/\/\/?p=432"},"modified":"2020-05-14T22:48:42","modified_gmt":"2020-05-14T20:48:42","slug":"message-de-jarnac-planete","status":"publish","type":"post","link":"https:\/\/jarnac-champagne.fr\/index.php\/2020\/05\/12\/message-de-jarnac-planete\/","title":{"rendered":"Message de \u00ab\u00a0Jarnac Plan\u00e8te\u00a0\u00bb"},"content":{"rendered":"\n<p>Chers parents, &nbsp; &nbsp;&nbsp;&nbsp; <\/p>\n\n\n\n<p>Vu les derni\u00e8res directives de Jeunesse et Sports qui nous pr\u00e9conisent d\u2019accueillir dans un premier temps les enfants des personnes prioritaires adh\u00e9rentes et scolaris\u00e9s, qui apr\u00e8s les avoir contact\u00e9es,&nbsp; ne mettront pas les enfants \u00e0 la garderie, et s\u2019\u00eatre mis en relation avec l\u2019\u00e9cole et la mairie, et par soucis de bien \u00eatre et de s\u00e9curit\u00e9 pour tous, nous venons vous informer qu\u2019apr\u00e8s concertation entre membres du bureau et employ\u00e9es, nous n\u2019ouvrirons pas la structure le matin et le soir apr\u00e8s l\u2019\u00e9cole, ni le mercredi jusqu\u2019\u00e0 fin mai.<\/p>\n\n\n\n<p>Nous reviendrons vers vous \u00e0 la fin du mois, merci de votre compr\u00e9hension, prenez soin de vous.<\/p>\n\n\n\n<p><em>L\u2019\u00e9quipe de JARNAC-PLANETE<\/em>.<\/p>\n","protected":false},"excerpt":{"rendered":"<p>Chers parents, &nbsp; &nbsp;&nbsp;&nbsp; Vu les derni\u00e8res directives de Jeunesse et Sports qui nous pr\u00e9conisent d\u2019accueillir dans un premier temps<\/p>\n","protected":false},"author":1,"featured_media":440,"comment_status":"open","ping_status":"open","sticky":false,"template":"","format":"standard","meta":{"colormag_page_container_layout":"default_layout","colormag_page_sidebar_layout":"default_layout","footnotes":""},"categories":[11],"tags":[],"class_list":["post-432","post","type-post","status-publish","format-standard","has-post-thumbnail","hentry","category-alsh"],"_links":{"self":[{"href":"https:\/\/jarnac-champagne.fr\/index.php\/wp-json\/wp\/v2\/posts\/432","targetHints":{"allow":["GET"]}}],"collection":[{"href":"https:\/\/jarnac-champagne.fr\/index.php\/wp-json\/wp\/v2\/posts"}],"about":[{"href":"https:\/\/jarnac-champagne.fr\/index.php\/wp-json\/wp\/v2\/types\/post"}],"author":[{"embeddable":true,"href":"https:\/\/jarnac-champagne.fr\/index.php\/wp-json\/wp\/v2\/users\/1"}],"replies":[{"embeddable":true,"href":"https:\/\/jarnac-champagne.fr\/index.php\/wp-json\/wp\/v2\/comments?post=432"}],"version-history":[{"count":2,"href":"https:\/\/jarnac-champagne.fr\/index.php\/wp-json\/wp\/v2\/posts\/432\/revisions"}],"predecessor-version":[{"id":441,"href":"https:\/\/jarnac-champagne.fr\/index.php\/wp-json\/wp\/v2\/posts\/432\/revisions\/441"}],"wp:featuredmedia":[{"embeddable":true,"href":"https:\/\/jarnac-champagne.fr\/index.php\/wp-json\/wp\/v2\/media\/440"}],"wp:attachment":[{"href":"https:\/\/jarnac-champagne.fr\/index.php\/wp-json\/wp\/v2\/media?parent=432"}],"wp:term":[{"taxonomy":"category","embeddable":true,"href":"https:\/\/jarnac-champagne.fr\/index.php\/wp-json\/wp\/v2\/categories?post=432"},{"taxonomy":"post_tag","embeddable":true,"href":"https:\/\/jarnac-champagne.fr\/index.php\/wp-json\/wp\/v2\/tags?post=432"}],"curies":[{"name":"wp","href":"https:\/\/api.w.org\/{rel}","templated":true}]}}