{"id":437,"date":"2020-05-14T07:14:13","date_gmt":"2020-05-14T05:14:13","guid":{"rendered":"https:\/\/jarnac-champagne.fr\/\/\/?p=437"},"modified":"2020-05-14T07:14:14","modified_gmt":"2020-05-14T05:14:14","slug":"attestation-de-100-km","status":"publish","type":"post","link":"https:\/\/jarnac-champagne.fr\/index.php\/2020\/05\/14\/attestation-de-100-km\/","title":{"rendered":"Attestation + de 100 km"},"content":{"rendered":"\n<p>A compter du 11 mai, la d\u00e9claration est exig\u00e9e lorsque le d\u00e9placement conduit<strong> \u00e0 la fois<\/strong> \u00e0 sortir :<\/p>\n\n\n\n<ul class=\"wp-block-list\"><li>d\u2019un p\u00e9rim\u00e8tre d\u00e9fini par un cercle d\u2019un rayon de 100 km autour du lieu de r\u00e9sidence (la distance de 100 km est donc calcul\u00e9e \u00ab\u00e0 vol d\u2019oiseau\u00bb),<\/li><li>du d\u00e9partement.<\/li><\/ul>\n\n\n\n<p>Il n&rsquo;est pas n\u00e9cessaire de se munir de la d\u00e9claration :<\/p>\n\n\n\n<ul class=\"wp-block-list\"><li>pour les d\u00e9placements de plus de 100 km effectu\u00e9s au sein de son d\u00e9partement de r\u00e9sidence.<\/li><li>pour les d\u00e9placements en dehors du d\u00e9partement de r\u00e9sidence, dans la limite de 100km.<\/li><\/ul>\n\n\n\n<p>Voici le lien si vous souhaitez g\u00e9n\u00e9rer une attestation sous forme num\u00e9rique.<\/p>\n\n\n\n<p><a href=\"https:\/\/www.interieur.gouv.fr\/Actualites\/L-actu-du-Ministere\/Deconfinement-Declaration-de-deplacement\">https:\/\/www.interieur.gouv.fr\/Actualites\/L-actu-du-Ministere\/Deconfinement-Declaration-de-deplacement<\/a><\/p>\n\n\n\n<p><em>Source :<\/em> <a href=\"https:\/\/www.interieur.gouv.fr\/Actualites\/L-actu-du-Ministere\/Deconfinement-Declaration-de-deplacement\">https:\/\/www.interieur.gouv.fr\/Actualites\/L-actu-du-Ministere\/Deconfinement-Declaration-de-deplacement<\/a><\/p>\n\n\n\n<p>Plus d&rsquo;informations sur : <a href=\"https:\/\/www.gouvernement.fr\/info-coronavirus\">https:\/\/www.gouvernement.fr\/info-coronavirus<\/a><\/p>\n\n\n<a href=\"https:\/\/jarnac-champagne.fr\/\/\/wp-content\/uploads\/2020\/05\/11-05-2020-declaration-de-deplacement-fr.pdf\" class=\"pdfemb-viewer\" style=\"\" data-width=\"max\" data-height=\"max\" data-toolbar=\"bottom\" data-toolbar-fixed=\"off\">11-05-2020-declaration-de-deplacement-fr<\/a>\n<p class=\"wp-block-pdfemb-pdf-embedder-viewer\"><\/p>\n","protected":false},"excerpt":{"rendered":"<p>A compter du 11 mai, la d\u00e9claration est exig\u00e9e lorsque le d\u00e9placement conduit \u00e0 la fois \u00e0 sortir : d\u2019un<\/p>\n","protected":false},"author":1,"featured_media":105,"comment_status":"open","ping_status":"open","sticky":false,"template":"","format":"standard","meta":{"colormag_page_container_layout":"default_layout","colormag_page_sidebar_layout":"default_layout","footnotes":""},"categories":[4],"tags":[],"class_list":["post-437","post","type-post","status-publish","format-standard","has-post-thumbnail","hentry","category-infos-mairie"],"_links":{"self":[{"href":"https:\/\/jarnac-champagne.fr\/index.php\/wp-json\/wp\/v2\/posts\/437","targetHints":{"allow":["GET"]}}],"collection":[{"href":"https:\/\/jarnac-champagne.fr\/index.php\/wp-json\/wp\/v2\/posts"}],"about":[{"href":"https:\/\/jarnac-champagne.fr\/index.php\/wp-json\/wp\/v2\/types\/post"}],"author":[{"embeddable":true,"href":"https:\/\/jarnac-champagne.fr\/index.php\/wp-json\/wp\/v2\/users\/1"}],"replies":[{"embeddable":true,"href":"https:\/\/jarnac-champagne.fr\/index.php\/wp-json\/wp\/v2\/comments?post=437"}],"version-history":[{"count":1,"href":"https:\/\/jarnac-champagne.fr\/index.php\/wp-json\/wp\/v2\/posts\/437\/revisions"}],"predecessor-version":[{"id":439,"href":"https:\/\/jarnac-champagne.fr\/index.php\/wp-json\/wp\/v2\/posts\/437\/revisions\/439"}],"wp:featuredmedia":[{"embeddable":true,"href":"https:\/\/jarnac-champagne.fr\/index.php\/wp-json\/wp\/v2\/media\/105"}],"wp:attachment":[{"href":"https:\/\/jarnac-champagne.fr\/index.php\/wp-json\/wp\/v2\/media?parent=437"}],"wp:term":[{"taxonomy":"category","embeddable":true,"href":"https:\/\/jarnac-champagne.fr\/index.php\/wp-json\/wp\/v2\/categories?post=437"},{"taxonomy":"post_tag","embeddable":true,"href":"https:\/\/jarnac-champagne.fr\/index.php\/wp-json\/wp\/v2\/tags?post=437"}],"curies":[{"name":"wp","href":"https:\/\/api.w.org\/{rel}","templated":true}]}}