{"id":4411,"date":"2023-03-05T21:38:07","date_gmt":"2023-03-05T20:38:07","guid":{"rendered":"https:\/\/jarnac-champagne.fr\/?p=4411"},"modified":"2023-03-05T21:38:08","modified_gmt":"2023-03-05T20:38:08","slug":"jarnac-champagne-propre","status":"publish","type":"post","link":"https:\/\/jarnac-champagne.fr\/index.php\/2023\/03\/05\/jarnac-champagne-propre\/","title":{"rendered":"Jarnac-Champagne Propre"},"content":{"rendered":"\n<p>En famille ou entre amis, on vous attend tr\u00e8s nombreux pour allier l&rsquo;utile \u00e0 l&rsquo;agr\u00e9able : Se promener tout en ramassant les d\u00e9chets pour une commune propre.<\/p>\n\n\n\n<p class=\"has-vivid-purple-color has-text-color\"><strong>Avec la participation des volontaires de l&rsquo;heure civique et nos jeunes \u00e9lus du Conseil Municipal des Enfants.<\/strong><\/p>\n\n\n\n<p class=\"has-luminous-vivid-orange-color has-text-color\"><strong>Gants et sacs fournis.<\/strong><\/p>\n\n\n\n<p class=\"has-vivid-cyan-blue-color has-text-color\"><strong>Rendez-vous \u00e0 la Mairie pour plusieurs parcours et une visite dans les hameaux pour les volontaires.<\/strong><\/p>\n\n\n<a href=\"https:\/\/jarnac-champagne.fr\/\/\/wp-content\/uploads\/2023\/03\/Haute-Saintonge-Propre-Jarnac-1.pdf\" class=\"pdfemb-viewer\" style=\"\" data-width=\"max\" data-height=\"max\" data-toolbar=\"bottom\" data-toolbar-fixed=\"off\">Haute-Saintonge-Propre-Jarnac-1<\/a>\n<p class=\"wp-block-pdfemb-pdf-embedder-viewer\"><\/p>\n","protected":false},"excerpt":{"rendered":"<p>En famille ou entre amis, on vous attend tr\u00e8s nombreux pour allier l&rsquo;utile \u00e0 l&rsquo;agr\u00e9able : Se promener tout en<\/p>\n","protected":false},"author":1,"featured_media":105,"comment_status":"open","ping_status":"open","sticky":false,"template":"","format":"standard","meta":{"colormag_page_container_layout":"default_layout","colormag_page_sidebar_layout":"default_layout","footnotes":""},"categories":[27,4],"tags":[],"class_list":["post-4411","post","type-post","status-publish","format-standard","has-post-thumbnail","hentry","category-conseil-municipal-des-enfants","category-infos-mairie"],"_links":{"self":[{"href":"https:\/\/jarnac-champagne.fr\/index.php\/wp-json\/wp\/v2\/posts\/4411","targetHints":{"allow":["GET"]}}],"collection":[{"href":"https:\/\/jarnac-champagne.fr\/index.php\/wp-json\/wp\/v2\/posts"}],"about":[{"href":"https:\/\/jarnac-champagne.fr\/index.php\/wp-json\/wp\/v2\/types\/post"}],"author":[{"embeddable":true,"href":"https:\/\/jarnac-champagne.fr\/index.php\/wp-json\/wp\/v2\/users\/1"}],"replies":[{"embeddable":true,"href":"https:\/\/jarnac-champagne.fr\/index.php\/wp-json\/wp\/v2\/comments?post=4411"}],"version-history":[{"count":1,"href":"https:\/\/jarnac-champagne.fr\/index.php\/wp-json\/wp\/v2\/posts\/4411\/revisions"}],"predecessor-version":[{"id":4413,"href":"https:\/\/jarnac-champagne.fr\/index.php\/wp-json\/wp\/v2\/posts\/4411\/revisions\/4413"}],"wp:featuredmedia":[{"embeddable":true,"href":"https:\/\/jarnac-champagne.fr\/index.php\/wp-json\/wp\/v2\/media\/105"}],"wp:attachment":[{"href":"https:\/\/jarnac-champagne.fr\/index.php\/wp-json\/wp\/v2\/media?parent=4411"}],"wp:term":[{"taxonomy":"category","embeddable":true,"href":"https:\/\/jarnac-champagne.fr\/index.php\/wp-json\/wp\/v2\/categories?post=4411"},{"taxonomy":"post_tag","embeddable":true,"href":"https:\/\/jarnac-champagne.fr\/index.php\/wp-json\/wp\/v2\/tags?post=4411"}],"curies":[{"name":"wp","href":"https:\/\/api.w.org\/{rel}","templated":true}]}}