{"id":4422,"date":"2023-03-06T22:07:33","date_gmt":"2023-03-06T21:07:33","guid":{"rendered":"https:\/\/jarnac-champagne.fr\/?p=4422"},"modified":"2023-03-06T22:07:34","modified_gmt":"2023-03-06T21:07:34","slug":"semaine-des-pesees-du-13-au-17-mars-2023","status":"publish","type":"post","link":"https:\/\/jarnac-champagne.fr\/index.php\/2023\/03\/06\/semaine-des-pesees-du-13-au-17-mars-2023\/","title":{"rendered":"Semaine des pes\u00e9es du 13 au 17 mars 2023"},"content":{"rendered":"\n<p>Nous nous engageons, comme chaque ann\u00e9e, dans cette op\u00e9ration de pes\u00e9es alimentaires dans les restaurants scolaires. Ceci afin d&rsquo;atteindre les objectifs de r\u00e9duction des d\u00e9chets alimentaires valid\u00e9es dans le Plan Local de Pr\u00e9vention des D\u00e9chets M\u00e9nagers et assimil\u00e9s, repris \u00e9galement dan le Projet Alimentaire de la Haute-Saintonge. Ces pes\u00e9es ont plusieurs objectifs :<\/p>\n\n\n\n<ul class=\"wp-block-list\">\n<li>Estimer la quantit\u00e9 gaspill\u00e9e moyenne en Haute-Saintonge.<\/li>\n\n\n\n<li>D\u00e9terminer les menus les moins appr\u00e9ci\u00e9s par les enfants<\/li>\n\n\n\n<li>Effectuer un suivi des quantit\u00e9s pr\u00e9par\u00e9es en fonction du<br>nombre de convives<\/li>\n<\/ul>\n\n\n\n<p>Vous pouvez d\u00e8s \u00e0 pr\u00e9sent en discuter avec vos enfants afin de les sensibiliser au mieux \u00e0 l&rsquo;importance de la lutte contre le gaspillage alimentaire.<\/p>\n\n\n\n<p>La restauration scolaire repr\u00e9sente 4 repas par semaine pour les \u00e9l\u00e8ves, c&rsquo;est peu par rapport au nombre total de repas. Malgr\u00e9 tout, nous avons un r\u00f4le d&rsquo;\u00e9ducation au go\u00fbt. Le chef Yoan et son \u00e9quipe aiment bien leur faire d\u00e9couvrir de nouvelles saveurs et revisiter quelques classiques. Nous mettons un point d&rsquo;honneur \u00e0 participer \u00e0 ces op\u00e9rations (semaine du go\u00fbt, pes\u00e9es, semaine Agrilocal).<\/p>\n\n\n\n<figure class=\"wp-block-image aligncenter size-large\"><img loading=\"lazy\" decoding=\"async\" width=\"724\" height=\"1024\" src=\"https:\/\/jarnac-champagne.fr\/wp-content\/uploads\/2023\/03\/A4-Ma-cantine-participe-a-la-semaine-de-pesee-en-Haute-Saintonge-vert-724x1024.jpg\" alt=\"\" class=\"wp-image-4423\" srcset=\"https:\/\/jarnac-champagne.fr\/wp-content\/uploads\/2023\/03\/A4-Ma-cantine-participe-a-la-semaine-de-pesee-en-Haute-Saintonge-vert-724x1024.jpg 724w, https:\/\/jarnac-champagne.fr\/wp-content\/uploads\/2023\/03\/A4-Ma-cantine-participe-a-la-semaine-de-pesee-en-Haute-Saintonge-vert-212x300.jpg 212w, https:\/\/jarnac-champagne.fr\/wp-content\/uploads\/2023\/03\/A4-Ma-cantine-participe-a-la-semaine-de-pesee-en-Haute-Saintonge-vert-768x1086.jpg 768w, https:\/\/jarnac-champagne.fr\/wp-content\/uploads\/2023\/03\/A4-Ma-cantine-participe-a-la-semaine-de-pesee-en-Haute-Saintonge-vert-1086x1536.jpg 1086w, https:\/\/jarnac-champagne.fr\/wp-content\/uploads\/2023\/03\/A4-Ma-cantine-participe-a-la-semaine-de-pesee-en-Haute-Saintonge-vert.jpg 1414w\" sizes=\"auto, (max-width: 724px) 100vw, 724px\" \/><\/figure>\n","protected":false},"excerpt":{"rendered":"<p>Nous nous engageons, comme chaque ann\u00e9e, dans cette op\u00e9ration de pes\u00e9es alimentaires dans les restaurants scolaires. Ceci afin d&rsquo;atteindre les<\/p>\n","protected":false},"author":1,"featured_media":103,"comment_status":"open","ping_status":"open","sticky":false,"template":"","format":"standard","meta":{"colormag_page_container_layout":"default_layout","colormag_page_sidebar_layout":"default_layout","footnotes":""},"categories":[5],"tags":[],"class_list":["post-4422","post","type-post","status-publish","format-standard","has-post-thumbnail","hentry","category-infos-ecole"],"_links":{"self":[{"href":"https:\/\/jarnac-champagne.fr\/index.php\/wp-json\/wp\/v2\/posts\/4422","targetHints":{"allow":["GET"]}}],"collection":[{"href":"https:\/\/jarnac-champagne.fr\/index.php\/wp-json\/wp\/v2\/posts"}],"about":[{"href":"https:\/\/jarnac-champagne.fr\/index.php\/wp-json\/wp\/v2\/types\/post"}],"author":[{"embeddable":true,"href":"https:\/\/jarnac-champagne.fr\/index.php\/wp-json\/wp\/v2\/users\/1"}],"replies":[{"embeddable":true,"href":"https:\/\/jarnac-champagne.fr\/index.php\/wp-json\/wp\/v2\/comments?post=4422"}],"version-history":[{"count":1,"href":"https:\/\/jarnac-champagne.fr\/index.php\/wp-json\/wp\/v2\/posts\/4422\/revisions"}],"predecessor-version":[{"id":4424,"href":"https:\/\/jarnac-champagne.fr\/index.php\/wp-json\/wp\/v2\/posts\/4422\/revisions\/4424"}],"wp:featuredmedia":[{"embeddable":true,"href":"https:\/\/jarnac-champagne.fr\/index.php\/wp-json\/wp\/v2\/media\/103"}],"wp:attachment":[{"href":"https:\/\/jarnac-champagne.fr\/index.php\/wp-json\/wp\/v2\/media?parent=4422"}],"wp:term":[{"taxonomy":"category","embeddable":true,"href":"https:\/\/jarnac-champagne.fr\/index.php\/wp-json\/wp\/v2\/categories?post=4422"},{"taxonomy":"post_tag","embeddable":true,"href":"https:\/\/jarnac-champagne.fr\/index.php\/wp-json\/wp\/v2\/tags?post=4422"}],"curies":[{"name":"wp","href":"https:\/\/api.w.org\/{rel}","templated":true}]}}