{"id":4440,"date":"2023-03-26T19:22:28","date_gmt":"2023-03-26T17:22:28","guid":{"rendered":"https:\/\/jarnac-champagne.fr\/\/\/?p=4440"},"modified":"2023-03-26T19:22:29","modified_gmt":"2023-03-26T17:22:29","slug":"cafe-memoire","status":"publish","type":"post","link":"https:\/\/jarnac-champagne.fr\/index.php\/2023\/03\/26\/cafe-memoire\/","title":{"rendered":"Caf\u00e9 m\u00e9moire"},"content":{"rendered":"\n<p>Depuis 2 ans d\u00e9j\u00e0, nous accueillons un groupe de parole destin\u00e9 aux aidants et proches de malades, \u00e0 la Maison des Associations. Ces r\u00e9unions ont lieu une fois par mois.<\/p>\n\n\n\n<p>Un v\u00e9ritable partenariat est n\u00e9 avec France Alzheimer et il est donc apparu \u00e9vident de poursuivre cette belle initiative et surtout de la faire \u00e9voluer.<\/p>\n\n\n\n<p class=\"has-luminous-vivid-orange-color has-text-color\">C&rsquo;est donc avec un grand plaisir que nous vous invitons \u00e0 d\u00e9couvrir le<strong> caf\u00e9 m\u00e9moire<\/strong>. C&rsquo;est une premi\u00e8re dans le d\u00e9partement.<\/p>\n\n\n\n<p class=\"has-pale-pink-color has-text-color\"><strong>A quoi s&rsquo;attendre ?<\/strong><\/p>\n\n\n\n<p class=\"has-vivid-purple-color has-text-color\"><strong>Propos\u00e9 gratuitement, le caf\u00e9 m\u00e9moire se tient dans un lieu public, propice \u00e0 la rencontre et \u00e0 l&rsquo;\u00e9change en pr\u00e9sence de b\u00e9n\u00e9voles et d&rsquo;une psychologue. Chacun arrive et repart quand il le d\u00e9sire. Autour d&rsquo;un caf\u00e9, les participants partagent de l&rsquo;information et tissent des liens entre eux.<\/strong><\/p>\n\n\n\n<p>Plus d&rsquo;informations ici : <a href=\"https:\/\/www.francealzheimer.org\/nos-actions-nos-missions\/actions-adaptees-familles\/les-cafes-memoire\/\">https:\/\/www.francealzheimer.org\/nos-actions-nos-missions\/actions-adaptees-familles\/les-cafes-memoire\/<\/a><\/p>\n\n\n\n<p><\/p>\n\n\n<a href=\"https:\/\/jarnac-champagne.fr\/\/\/wp-content\/uploads\/2023\/03\/Tract-CAFE-MEMOIRE-RV.pdf\" class=\"pdfemb-viewer\" style=\"\" data-width=\"max\" data-height=\"max\" data-toolbar=\"bottom\" data-toolbar-fixed=\"off\">Tract-CAFE-MEMOIRE-RV<\/a>\n<p class=\"wp-block-pdfemb-pdf-embedder-viewer\"><\/p>\n","protected":false},"excerpt":{"rendered":"<p>Depuis 2 ans d\u00e9j\u00e0, nous accueillons un groupe de parole destin\u00e9 aux aidants et proches de malades, \u00e0 la Maison<\/p>\n","protected":false},"author":1,"featured_media":365,"comment_status":"open","ping_status":"open","sticky":false,"template":"","format":"standard","meta":{"colormag_page_container_layout":"default_layout","colormag_page_sidebar_layout":"default_layout","footnotes":""},"categories":[9],"tags":[],"class_list":["post-4440","post","type-post","status-publish","format-standard","has-post-thumbnail","hentry","category-informations-diverses"],"_links":{"self":[{"href":"https:\/\/jarnac-champagne.fr\/index.php\/wp-json\/wp\/v2\/posts\/4440","targetHints":{"allow":["GET"]}}],"collection":[{"href":"https:\/\/jarnac-champagne.fr\/index.php\/wp-json\/wp\/v2\/posts"}],"about":[{"href":"https:\/\/jarnac-champagne.fr\/index.php\/wp-json\/wp\/v2\/types\/post"}],"author":[{"embeddable":true,"href":"https:\/\/jarnac-champagne.fr\/index.php\/wp-json\/wp\/v2\/users\/1"}],"replies":[{"embeddable":true,"href":"https:\/\/jarnac-champagne.fr\/index.php\/wp-json\/wp\/v2\/comments?post=4440"}],"version-history":[{"count":8,"href":"https:\/\/jarnac-champagne.fr\/index.php\/wp-json\/wp\/v2\/posts\/4440\/revisions"}],"predecessor-version":[{"id":4495,"href":"https:\/\/jarnac-champagne.fr\/index.php\/wp-json\/wp\/v2\/posts\/4440\/revisions\/4495"}],"wp:featuredmedia":[{"embeddable":true,"href":"https:\/\/jarnac-champagne.fr\/index.php\/wp-json\/wp\/v2\/media\/365"}],"wp:attachment":[{"href":"https:\/\/jarnac-champagne.fr\/index.php\/wp-json\/wp\/v2\/media?parent=4440"}],"wp:term":[{"taxonomy":"category","embeddable":true,"href":"https:\/\/jarnac-champagne.fr\/index.php\/wp-json\/wp\/v2\/categories?post=4440"},{"taxonomy":"post_tag","embeddable":true,"href":"https:\/\/jarnac-champagne.fr\/index.php\/wp-json\/wp\/v2\/tags?post=4440"}],"curies":[{"name":"wp","href":"https:\/\/api.w.org\/{rel}","templated":true}]}}