{"id":4472,"date":"2023-03-20T09:48:07","date_gmt":"2023-03-20T08:48:07","guid":{"rendered":"https:\/\/jarnac-champagne.fr\/\/\/?p=4472"},"modified":"2023-03-20T09:48:08","modified_gmt":"2023-03-20T08:48:08","slug":"ceremonie-du-19-mars-2023","status":"publish","type":"post","link":"https:\/\/jarnac-champagne.fr\/index.php\/2023\/03\/20\/ceremonie-du-19-mars-2023\/","title":{"rendered":"C\u00e9r\u00e9monie du 19 mars 2023"},"content":{"rendered":"\n<p>Le\u00a0<strong>19 mars<\/strong>\u00a0est le jour anniversaire du cessez-le-feu en Alg\u00e9rie. Cette journ\u00e9e permet de comm\u00e9morer les accords d&rsquo;\u00c9vian du 18\u00a0<strong>mars<\/strong>\u00a01962, de rassembler et rendre hommage \u00e0 toutes les victimes civiles ou militaires qui sont tomb\u00e9es durant la Guerre d&rsquo;Alg\u00e9rie et les combats au Maroc et en Tunisie.<\/p>\n\n\n\n<figure class=\"wp-block-gallery has-nested-images columns-default is-cropped wp-block-gallery-1 is-layout-flex wp-block-gallery-is-layout-flex\">\n<figure class=\"wp-block-image size-large\"><img loading=\"lazy\" decoding=\"async\" width=\"1024\" height=\"433\" data-id=\"4473\" src=\"https:\/\/jarnac-champagne.fr\/\/\/wp-content\/uploads\/2023\/03\/19-03-23-1.jpg\" alt=\"\" class=\"wp-image-4473\" srcset=\"https:\/\/jarnac-champagne.fr\/wp-content\/uploads\/2023\/03\/19-03-23-1.jpg 1024w, https:\/\/jarnac-champagne.fr\/wp-content\/uploads\/2023\/03\/19-03-23-1-300x127.jpg 300w, https:\/\/jarnac-champagne.fr\/wp-content\/uploads\/2023\/03\/19-03-23-1-768x325.jpg 768w\" sizes=\"auto, (max-width: 1024px) 100vw, 1024px\" \/><\/figure>\n\n\n\n<figure class=\"wp-block-image size-large\"><img loading=\"lazy\" decoding=\"async\" width=\"1024\" height=\"768\" data-id=\"4474\" src=\"https:\/\/jarnac-champagne.fr\/\/\/wp-content\/uploads\/2023\/03\/19-03-23-2.jpg\" alt=\"\" class=\"wp-image-4474\" srcset=\"https:\/\/jarnac-champagne.fr\/wp-content\/uploads\/2023\/03\/19-03-23-2.jpg 1024w, https:\/\/jarnac-champagne.fr\/wp-content\/uploads\/2023\/03\/19-03-23-2-300x225.jpg 300w, https:\/\/jarnac-champagne.fr\/wp-content\/uploads\/2023\/03\/19-03-23-2-768x576.jpg 768w\" sizes=\"auto, (max-width: 1024px) 100vw, 1024px\" \/><\/figure>\n\n\n\n<figure class=\"wp-block-image size-large\"><img loading=\"lazy\" decoding=\"async\" width=\"919\" height=\"689\" data-id=\"4475\" src=\"https:\/\/jarnac-champagne.fr\/\/\/wp-content\/uploads\/2023\/03\/19-03-23-3.jpg\" alt=\"\" class=\"wp-image-4475\" srcset=\"https:\/\/jarnac-champagne.fr\/wp-content\/uploads\/2023\/03\/19-03-23-3.jpg 919w, https:\/\/jarnac-champagne.fr\/wp-content\/uploads\/2023\/03\/19-03-23-3-300x225.jpg 300w, https:\/\/jarnac-champagne.fr\/wp-content\/uploads\/2023\/03\/19-03-23-3-768x576.jpg 768w\" sizes=\"auto, (max-width: 919px) 100vw, 919px\" \/><\/figure>\n<\/figure>\n","protected":false},"excerpt":{"rendered":"<p>Le\u00a019 mars\u00a0est le jour anniversaire du cessez-le-feu en Alg\u00e9rie. Cette journ\u00e9e permet de comm\u00e9morer les accords d&rsquo;\u00c9vian du 18\u00a0mars\u00a01962, de<\/p>\n","protected":false},"author":1,"featured_media":105,"comment_status":"open","ping_status":"open","sticky":false,"template":"","format":"standard","meta":{"colormag_page_container_layout":"default_layout","colormag_page_sidebar_layout":"default_layout","footnotes":""},"categories":[4],"tags":[],"class_list":["post-4472","post","type-post","status-publish","format-standard","has-post-thumbnail","hentry","category-infos-mairie"],"_links":{"self":[{"href":"https:\/\/jarnac-champagne.fr\/index.php\/wp-json\/wp\/v2\/posts\/4472","targetHints":{"allow":["GET"]}}],"collection":[{"href":"https:\/\/jarnac-champagne.fr\/index.php\/wp-json\/wp\/v2\/posts"}],"about":[{"href":"https:\/\/jarnac-champagne.fr\/index.php\/wp-json\/wp\/v2\/types\/post"}],"author":[{"embeddable":true,"href":"https:\/\/jarnac-champagne.fr\/index.php\/wp-json\/wp\/v2\/users\/1"}],"replies":[{"embeddable":true,"href":"https:\/\/jarnac-champagne.fr\/index.php\/wp-json\/wp\/v2\/comments?post=4472"}],"version-history":[{"count":1,"href":"https:\/\/jarnac-champagne.fr\/index.php\/wp-json\/wp\/v2\/posts\/4472\/revisions"}],"predecessor-version":[{"id":4476,"href":"https:\/\/jarnac-champagne.fr\/index.php\/wp-json\/wp\/v2\/posts\/4472\/revisions\/4476"}],"wp:featuredmedia":[{"embeddable":true,"href":"https:\/\/jarnac-champagne.fr\/index.php\/wp-json\/wp\/v2\/media\/105"}],"wp:attachment":[{"href":"https:\/\/jarnac-champagne.fr\/index.php\/wp-json\/wp\/v2\/media?parent=4472"}],"wp:term":[{"taxonomy":"category","embeddable":true,"href":"https:\/\/jarnac-champagne.fr\/index.php\/wp-json\/wp\/v2\/categories?post=4472"},{"taxonomy":"post_tag","embeddable":true,"href":"https:\/\/jarnac-champagne.fr\/index.php\/wp-json\/wp\/v2\/tags?post=4472"}],"curies":[{"name":"wp","href":"https:\/\/api.w.org\/{rel}","templated":true}]}}