{"id":4529,"date":"2023-04-09T10:00:50","date_gmt":"2023-04-09T08:00:50","guid":{"rendered":"https:\/\/jarnac-champagne.fr\/\/\/?p=4529"},"modified":"2023-04-24T18:21:56","modified_gmt":"2023-04-24T16:21:56","slug":"nouveau-sophrologie","status":"publish","type":"post","link":"https:\/\/jarnac-champagne.fr\/index.php\/2023\/04\/09\/nouveau-sophrologie\/","title":{"rendered":"NOUVEAU : Sophrologie"},"content":{"rendered":"\n<p class=\"has-luminous-vivid-orange-color has-text-color\"><strong>Afin de vous proposer encore et toujours de nouveaux services pr\u00e8s de chez vous, nous accueillons sur notre commune, Mme Larrieux, et mettons \u00e0 disposition la salle \u00e0 c\u00f4t\u00e9 de la micro-cr\u00e8che (ancienne classe).<\/strong><\/p>\n\n\n\n<p class=\"has-vivid-purple-color has-text-color\">S\u00e9verine Larrieux, form\u00e9e et certfi\u00e9e \u00e0 la sophorlogie existentielle \u00e0 l&rsquo;\u00e9cole Iseba de Bordeaux vous propose \u00e0 partir du <strong>17 avril 2023<\/strong> :<\/p>\n\n\n\n<ul class=\"wp-block-list\">\n<li><strong><mark style=\"background-color:rgba(0, 0, 0, 0)\" class=\"has-inline-color has-vivid-green-cyan-color\">des s\u00e9ances collectives (sur inscription, nombre de personnes limit\u00e9) \u00e0 Jarnac-Champagne<\/mark><\/strong><\/li>\n<\/ul>\n\n\n\n<p>Le LUNDI de 19h \u00e0 20h30<\/p>\n\n\n\n<p>Le JEUDI de 10h \u00e0 11h30<\/p>\n\n\n\n<p class=\"has-vivid-cyan-blue-color has-text-color\"><strong>TARIF : 15\u20ac la s\u00e9ance, 120\u20ac les 10 s\u00e9ances<\/strong><\/p>\n\n\n\n<ul class=\"wp-block-list\">\n<li><strong><mark style=\"background-color:rgba(0, 0, 0, 0)\" class=\"has-inline-color has-vivid-green-cyan-color\">des s\u00e9ances individuelles \u00e0 Chadenac <\/mark><\/strong><\/li>\n<\/ul>\n\n\n\n<p class=\"has-vivid-cyan-blue-color has-text-color\"><strong>La premi\u00e8re s\u00e9ance  et les s\u00e9ances de suivi dure 1h : Tarif = 50\u20ac<\/strong><\/p>\n\n\n\n<ul class=\"wp-block-list\">\n<li>Entreprises, associations, institutions, h\u00f4pitaux, lyc\u00e9es&#8230; sur DEVIS.<\/li>\n<\/ul>\n\n\n\n<p>Les s\u00e9ances sont accessibles \u00e0 tous d\u00e8s 14 ans, elles ne demandent pas de capacit\u00e9s physiques particuli\u00e8res.<\/p>\n\n\n\n<p class=\"has-pale-pink-color has-text-color\"><strong>N&rsquo;h\u00e9sitez pas \u00e0 contacter Mme Larrieux au 07 88 09 28 12 ou par mail contact@sl-mabullesophro.com<\/strong><\/p>\n\n\n\n<figure class=\"wp-block-image aligncenter size-full\"><img loading=\"lazy\" decoding=\"async\" width=\"671\" height=\"428\" src=\"https:\/\/jarnac-champagne.fr\/\/\/wp-content\/uploads\/2023\/04\/Sophro.jpg\" alt=\"\" class=\"wp-image-4531\" srcset=\"https:\/\/jarnac-champagne.fr\/wp-content\/uploads\/2023\/04\/Sophro.jpg 671w, https:\/\/jarnac-champagne.fr\/wp-content\/uploads\/2023\/04\/Sophro-300x191.jpg 300w\" sizes=\"auto, (max-width: 671px) 100vw, 671px\" \/><\/figure>\n","protected":false},"excerpt":{"rendered":"<p>Afin de vous proposer encore et toujours de nouveaux services pr\u00e8s de chez vous, nous accueillons sur notre commune, Mme<\/p>\n","protected":false},"author":1,"featured_media":105,"comment_status":"open","ping_status":"open","sticky":false,"template":"","format":"standard","meta":{"colormag_page_container_layout":"default_layout","colormag_page_sidebar_layout":"default_layout","footnotes":""},"categories":[4],"tags":[],"class_list":["post-4529","post","type-post","status-publish","format-standard","has-post-thumbnail","hentry","category-infos-mairie"],"_links":{"self":[{"href":"https:\/\/jarnac-champagne.fr\/index.php\/wp-json\/wp\/v2\/posts\/4529","targetHints":{"allow":["GET"]}}],"collection":[{"href":"https:\/\/jarnac-champagne.fr\/index.php\/wp-json\/wp\/v2\/posts"}],"about":[{"href":"https:\/\/jarnac-champagne.fr\/index.php\/wp-json\/wp\/v2\/types\/post"}],"author":[{"embeddable":true,"href":"https:\/\/jarnac-champagne.fr\/index.php\/wp-json\/wp\/v2\/users\/1"}],"replies":[{"embeddable":true,"href":"https:\/\/jarnac-champagne.fr\/index.php\/wp-json\/wp\/v2\/comments?post=4529"}],"version-history":[{"count":4,"href":"https:\/\/jarnac-champagne.fr\/index.php\/wp-json\/wp\/v2\/posts\/4529\/revisions"}],"predecessor-version":[{"id":4544,"href":"https:\/\/jarnac-champagne.fr\/index.php\/wp-json\/wp\/v2\/posts\/4529\/revisions\/4544"}],"wp:featuredmedia":[{"embeddable":true,"href":"https:\/\/jarnac-champagne.fr\/index.php\/wp-json\/wp\/v2\/media\/105"}],"wp:attachment":[{"href":"https:\/\/jarnac-champagne.fr\/index.php\/wp-json\/wp\/v2\/media?parent=4529"}],"wp:term":[{"taxonomy":"category","embeddable":true,"href":"https:\/\/jarnac-champagne.fr\/index.php\/wp-json\/wp\/v2\/categories?post=4529"},{"taxonomy":"post_tag","embeddable":true,"href":"https:\/\/jarnac-champagne.fr\/index.php\/wp-json\/wp\/v2\/tags?post=4529"}],"curies":[{"name":"wp","href":"https:\/\/api.w.org\/{rel}","templated":true}]}}