{"id":4545,"date":"2023-04-26T22:28:42","date_gmt":"2023-04-26T20:28:42","guid":{"rendered":"https:\/\/jarnac-champagne.fr\/?p=4545"},"modified":"2023-04-26T22:29:22","modified_gmt":"2023-04-26T20:29:22","slug":"vol-recurent-au-cimetiere","status":"publish","type":"post","link":"https:\/\/jarnac-champagne.fr\/index.php\/2023\/04\/26\/vol-recurent-au-cimetiere\/","title":{"rendered":"Vol r\u00e9current au cimeti\u00e8re"},"content":{"rendered":"\n<h2 class=\"wp-block-heading has-black-color has-text-color\"><strong>RAPPEL : <\/strong>Si le fait de voler des bouquets de fleurs ou couronnes florales ne constitue pas une profanation de la s\u00e9pulture au sens de l\u2019article 225-17 du code p\u00e9nal, ce geste demeure punissable sous la qualification de vol.<strong><mark style=\"background-color:rgba(0, 0, 0, 0)\" class=\"has-inline-color has-vivid-red-color\"> \u00c0 ce titre, l\u2019auteur des faits encourt une peine de trois ans d\u2019emprisonnement et 45.000 \u20ac d\u2019amende. <\/mark><\/strong>La peine encourue peut \u00eatre aggrav\u00e9e, notamment lorsque le vol est commis par plusieurs personnes.<\/h2>\n\n\n\n<p>Nous esp\u00e9rons que la police d&rsquo;\u00e9criture est suffisamment \u00e9lev\u00e9e pour vous en faciliter la lecture&#8230; <\/p>\n\n\n\n<p>H\u00e9las, ce probl\u00e8me est le fl\u00e9au des cimeti\u00e8res, il n&rsquo;existe pas de mots pour qualifier de tels actes. Nous vous encourageons \u00e0 contacter la gendarmerie \u00e0 chaque vol. C&rsquo;est important pour la suite&#8230; Et la suite, on s&rsquo;en occupe ! A bon entendeur&#8230;<\/p>\n","protected":false},"excerpt":{"rendered":"<p>RAPPEL : Si le fait de voler des bouquets de fleurs ou couronnes florales ne constitue pas une profanation de<\/p>\n","protected":false},"author":1,"featured_media":1081,"comment_status":"open","ping_status":"open","sticky":false,"template":"","format":"standard","meta":{"colormag_page_container_layout":"default_layout","colormag_page_sidebar_layout":"default_layout","footnotes":""},"categories":[4],"tags":[],"class_list":["post-4545","post","type-post","status-publish","format-standard","has-post-thumbnail","hentry","category-infos-mairie"],"_links":{"self":[{"href":"https:\/\/jarnac-champagne.fr\/index.php\/wp-json\/wp\/v2\/posts\/4545","targetHints":{"allow":["GET"]}}],"collection":[{"href":"https:\/\/jarnac-champagne.fr\/index.php\/wp-json\/wp\/v2\/posts"}],"about":[{"href":"https:\/\/jarnac-champagne.fr\/index.php\/wp-json\/wp\/v2\/types\/post"}],"author":[{"embeddable":true,"href":"https:\/\/jarnac-champagne.fr\/index.php\/wp-json\/wp\/v2\/users\/1"}],"replies":[{"embeddable":true,"href":"https:\/\/jarnac-champagne.fr\/index.php\/wp-json\/wp\/v2\/comments?post=4545"}],"version-history":[{"count":3,"href":"https:\/\/jarnac-champagne.fr\/index.php\/wp-json\/wp\/v2\/posts\/4545\/revisions"}],"predecessor-version":[{"id":4548,"href":"https:\/\/jarnac-champagne.fr\/index.php\/wp-json\/wp\/v2\/posts\/4545\/revisions\/4548"}],"wp:featuredmedia":[{"embeddable":true,"href":"https:\/\/jarnac-champagne.fr\/index.php\/wp-json\/wp\/v2\/media\/1081"}],"wp:attachment":[{"href":"https:\/\/jarnac-champagne.fr\/index.php\/wp-json\/wp\/v2\/media?parent=4545"}],"wp:term":[{"taxonomy":"category","embeddable":true,"href":"https:\/\/jarnac-champagne.fr\/index.php\/wp-json\/wp\/v2\/categories?post=4545"},{"taxonomy":"post_tag","embeddable":true,"href":"https:\/\/jarnac-champagne.fr\/index.php\/wp-json\/wp\/v2\/tags?post=4545"}],"curies":[{"name":"wp","href":"https:\/\/api.w.org\/{rel}","templated":true}]}}