{"id":462,"date":"2020-05-21T12:14:57","date_gmt":"2020-05-21T10:14:57","guid":{"rendered":"https:\/\/jarnac-champagne.fr\/\/\/?p=462"},"modified":"2020-05-21T12:14:59","modified_gmt":"2020-05-21T10:14:59","slug":"decheterie","status":"publish","type":"post","link":"https:\/\/jarnac-champagne.fr\/index.php\/2020\/05\/21\/decheterie\/","title":{"rendered":"D\u00e9ch\u00e8terie"},"content":{"rendered":"\n<p>Les d\u00e9ch\u00e8teries seront accessibles<span class=\"has-inline-color has-luminous-vivid-orange-color\"> <strong>s<\/strong><\/span><strong><span class=\"has-inline-color has-luminous-vivid-orange-color\">ans rendez-vous<\/span><\/strong> \u00e0 compter du <strong><span class=\"has-inline-color has-luminous-vivid-orange-color\">mardi 26 mai.<\/span><\/strong><br>Cependant, les mesures sanitaires restent toujours en vigueur. Merci de venir munis du mat\u00e9riel suivant :<br><strong>&#8211; Un masque<br>&#8211; Une paire de gants<br>&#8211; Une pelle et un balai pour le d\u00e9chargement des d\u00e9chets<\/strong><br>Nous vous invitons \u00e0 respecter les agents et les autres usagers.<br>Il est possible que la fr\u00e9quentation des d\u00e9ch\u00e8teries soit importante, soyez patients\u00a0!<\/p>\n","protected":false},"excerpt":{"rendered":"<p>Les d\u00e9ch\u00e8teries seront accessibles sans rendez-vous \u00e0 compter du mardi 26 mai.Cependant, les mesures sanitaires restent toujours en vigueur. Merci<\/p>\n","protected":false},"author":1,"featured_media":105,"comment_status":"open","ping_status":"open","sticky":false,"template":"","format":"standard","meta":{"colormag_page_container_layout":"default_layout","colormag_page_sidebar_layout":"default_layout","footnotes":""},"categories":[4],"tags":[],"class_list":["post-462","post","type-post","status-publish","format-standard","has-post-thumbnail","hentry","category-infos-mairie"],"_links":{"self":[{"href":"https:\/\/jarnac-champagne.fr\/index.php\/wp-json\/wp\/v2\/posts\/462","targetHints":{"allow":["GET"]}}],"collection":[{"href":"https:\/\/jarnac-champagne.fr\/index.php\/wp-json\/wp\/v2\/posts"}],"about":[{"href":"https:\/\/jarnac-champagne.fr\/index.php\/wp-json\/wp\/v2\/types\/post"}],"author":[{"embeddable":true,"href":"https:\/\/jarnac-champagne.fr\/index.php\/wp-json\/wp\/v2\/users\/1"}],"replies":[{"embeddable":true,"href":"https:\/\/jarnac-champagne.fr\/index.php\/wp-json\/wp\/v2\/comments?post=462"}],"version-history":[{"count":1,"href":"https:\/\/jarnac-champagne.fr\/index.php\/wp-json\/wp\/v2\/posts\/462\/revisions"}],"predecessor-version":[{"id":463,"href":"https:\/\/jarnac-champagne.fr\/index.php\/wp-json\/wp\/v2\/posts\/462\/revisions\/463"}],"wp:featuredmedia":[{"embeddable":true,"href":"https:\/\/jarnac-champagne.fr\/index.php\/wp-json\/wp\/v2\/media\/105"}],"wp:attachment":[{"href":"https:\/\/jarnac-champagne.fr\/index.php\/wp-json\/wp\/v2\/media?parent=462"}],"wp:term":[{"taxonomy":"category","embeddable":true,"href":"https:\/\/jarnac-champagne.fr\/index.php\/wp-json\/wp\/v2\/categories?post=462"},{"taxonomy":"post_tag","embeddable":true,"href":"https:\/\/jarnac-champagne.fr\/index.php\/wp-json\/wp\/v2\/tags?post=462"}],"curies":[{"name":"wp","href":"https:\/\/api.w.org\/{rel}","templated":true}]}}