{"id":467,"date":"2020-05-21T17:38:28","date_gmt":"2020-05-21T15:38:28","guid":{"rendered":"https:\/\/jarnac-champagne.fr\/\/\/?p=467"},"modified":"2020-05-21T17:38:29","modified_gmt":"2020-05-21T15:38:29","slug":"conseils-de-prevention-domaine-cyber-pour-les-entreprises-et-les-particuliers","status":"publish","type":"post","link":"https:\/\/jarnac-champagne.fr\/index.php\/2020\/05\/21\/conseils-de-prevention-domaine-cyber-pour-les-entreprises-et-les-particuliers\/","title":{"rendered":"Conseils de pr\u00e9vention domaine Cyber pour les entreprises et les particuliers"},"content":{"rendered":"\n<p class=\"has-text-align-center\"><strong>Pour les salari\u00e9s en t\u00e9l\u00e9travail et leurs employeurs <\/strong><\/p>\n\n\n\n<figure class=\"wp-block-image size-large\"><img loading=\"lazy\" decoding=\"async\" width=\"1024\" height=\"576\" src=\"https:\/\/jarnac-champagne.fr\/\/\/wp-content\/uploads\/2020\/05\/reco_secu_teletravail_collaborateurs_1-1024x576.jpg\" alt=\"\" class=\"wp-image-468\" srcset=\"https:\/\/jarnac-champagne.fr\/wp-content\/uploads\/2020\/05\/reco_secu_teletravail_collaborateurs_1-1024x576.jpg 1024w, https:\/\/jarnac-champagne.fr\/wp-content\/uploads\/2020\/05\/reco_secu_teletravail_collaborateurs_1-300x169.jpg 300w, https:\/\/jarnac-champagne.fr\/wp-content\/uploads\/2020\/05\/reco_secu_teletravail_collaborateurs_1-768x432.jpg 768w, https:\/\/jarnac-champagne.fr\/wp-content\/uploads\/2020\/05\/reco_secu_teletravail_collaborateurs_1-1536x864.jpg 1536w, https:\/\/jarnac-champagne.fr\/wp-content\/uploads\/2020\/05\/reco_secu_teletravail_collaborateurs_1-2048x1152.jpg 2048w\" sizes=\"auto, (max-width: 1024px) 100vw, 1024px\" \/><\/figure>\n\n\n\n<figure class=\"wp-block-image size-large\"><img loading=\"lazy\" decoding=\"async\" width=\"1024\" height=\"576\" src=\"https:\/\/jarnac-champagne.fr\/\/\/wp-content\/uploads\/2020\/05\/reco_secu_teletravail_collaborateurs_2-1024x576.jpg\" alt=\"\" class=\"wp-image-469\" srcset=\"https:\/\/jarnac-champagne.fr\/wp-content\/uploads\/2020\/05\/reco_secu_teletravail_collaborateurs_2-1024x576.jpg 1024w, https:\/\/jarnac-champagne.fr\/wp-content\/uploads\/2020\/05\/reco_secu_teletravail_collaborateurs_2-300x169.jpg 300w, https:\/\/jarnac-champagne.fr\/wp-content\/uploads\/2020\/05\/reco_secu_teletravail_collaborateurs_2-768x432.jpg 768w, https:\/\/jarnac-champagne.fr\/wp-content\/uploads\/2020\/05\/reco_secu_teletravail_collaborateurs_2-1536x864.jpg 1536w, https:\/\/jarnac-champagne.fr\/wp-content\/uploads\/2020\/05\/reco_secu_teletravail_collaborateurs_2-2048x1152.jpg 2048w\" sizes=\"auto, (max-width: 1024px) 100vw, 1024px\" \/><\/figure>\n\n\n\n<figure class=\"wp-block-image size-large\"><img loading=\"lazy\" decoding=\"async\" width=\"1024\" height=\"576\" src=\"https:\/\/jarnac-champagne.fr\/\/\/wp-content\/uploads\/2020\/05\/reco_secu_teletravail_employeurs_1-1024x576.jpg\" alt=\"\" class=\"wp-image-470\" srcset=\"https:\/\/jarnac-champagne.fr\/wp-content\/uploads\/2020\/05\/reco_secu_teletravail_employeurs_1-1024x576.jpg 1024w, https:\/\/jarnac-champagne.fr\/wp-content\/uploads\/2020\/05\/reco_secu_teletravail_employeurs_1-300x169.jpg 300w, https:\/\/jarnac-champagne.fr\/wp-content\/uploads\/2020\/05\/reco_secu_teletravail_employeurs_1-768x432.jpg 768w, https:\/\/jarnac-champagne.fr\/wp-content\/uploads\/2020\/05\/reco_secu_teletravail_employeurs_1-1536x864.jpg 1536w, https:\/\/jarnac-champagne.fr\/wp-content\/uploads\/2020\/05\/reco_secu_teletravail_employeurs_1-2048x1152.jpg 2048w\" sizes=\"auto, (max-width: 1024px) 100vw, 1024px\" \/><\/figure>\n\n\n\n<figure class=\"wp-block-image size-large\"><img loading=\"lazy\" decoding=\"async\" width=\"1024\" height=\"576\" src=\"https:\/\/jarnac-champagne.fr\/\/\/wp-content\/uploads\/2020\/05\/reco_secu_teletravail_employeurs_2-1024x576.jpg\" alt=\"\" class=\"wp-image-471\" srcset=\"https:\/\/jarnac-champagne.fr\/wp-content\/uploads\/2020\/05\/reco_secu_teletravail_employeurs_2-1024x576.jpg 1024w, https:\/\/jarnac-champagne.fr\/wp-content\/uploads\/2020\/05\/reco_secu_teletravail_employeurs_2-300x169.jpg 300w, https:\/\/jarnac-champagne.fr\/wp-content\/uploads\/2020\/05\/reco_secu_teletravail_employeurs_2-768x432.jpg 768w, https:\/\/jarnac-champagne.fr\/wp-content\/uploads\/2020\/05\/reco_secu_teletravail_employeurs_2-1536x864.jpg 1536w, https:\/\/jarnac-champagne.fr\/wp-content\/uploads\/2020\/05\/reco_secu_teletravail_employeurs_2-2048x1152.jpg 2048w\" sizes=\"auto, (max-width: 1024px) 100vw, 1024px\" \/><\/figure>\n\n\n\n<p>Vous trouverez \u00e9galement de nombreux messages de pr\u00e9vention sur la page facebook du groupement de gendarmerie de la Charente-Maritime : <a href=\"https:\/\/www.facebook.com\/gendarmerie.de.la.charente.maritime\/?__tn__=%2Cd%2CP-R&amp;eid=ARCMAbuaVV8Rru7XNUbhSKPpKvMpS7ZVn7ljPHlmmkSjp2cTHeV76aVl9nL7YOuM1_-Jt5pgflj5CdCC\" target=\"_blank\" rel=\"noreferrer noopener\">https:\/\/www.facebook.com\/gendarmerie.de.la.charente.maritime<\/a><br><\/p>\n","protected":false},"excerpt":{"rendered":"<p>Pour les salari\u00e9s en t\u00e9l\u00e9travail et leurs employeurs Vous trouverez \u00e9galement de nombreux messages de pr\u00e9vention sur la page facebook<\/p>\n","protected":false},"author":1,"featured_media":365,"comment_status":"open","ping_status":"open","sticky":false,"template":"","format":"standard","meta":{"colormag_page_container_layout":"default_layout","colormag_page_sidebar_layout":"default_layout","footnotes":""},"categories":[9],"tags":[],"class_list":["post-467","post","type-post","status-publish","format-standard","has-post-thumbnail","hentry","category-informations-diverses"],"_links":{"self":[{"href":"https:\/\/jarnac-champagne.fr\/index.php\/wp-json\/wp\/v2\/posts\/467","targetHints":{"allow":["GET"]}}],"collection":[{"href":"https:\/\/jarnac-champagne.fr\/index.php\/wp-json\/wp\/v2\/posts"}],"about":[{"href":"https:\/\/jarnac-champagne.fr\/index.php\/wp-json\/wp\/v2\/types\/post"}],"author":[{"embeddable":true,"href":"https:\/\/jarnac-champagne.fr\/index.php\/wp-json\/wp\/v2\/users\/1"}],"replies":[{"embeddable":true,"href":"https:\/\/jarnac-champagne.fr\/index.php\/wp-json\/wp\/v2\/comments?post=467"}],"version-history":[{"count":1,"href":"https:\/\/jarnac-champagne.fr\/index.php\/wp-json\/wp\/v2\/posts\/467\/revisions"}],"predecessor-version":[{"id":472,"href":"https:\/\/jarnac-champagne.fr\/index.php\/wp-json\/wp\/v2\/posts\/467\/revisions\/472"}],"wp:featuredmedia":[{"embeddable":true,"href":"https:\/\/jarnac-champagne.fr\/index.php\/wp-json\/wp\/v2\/media\/365"}],"wp:attachment":[{"href":"https:\/\/jarnac-champagne.fr\/index.php\/wp-json\/wp\/v2\/media?parent=467"}],"wp:term":[{"taxonomy":"category","embeddable":true,"href":"https:\/\/jarnac-champagne.fr\/index.php\/wp-json\/wp\/v2\/categories?post=467"},{"taxonomy":"post_tag","embeddable":true,"href":"https:\/\/jarnac-champagne.fr\/index.php\/wp-json\/wp\/v2\/tags?post=467"}],"curies":[{"name":"wp","href":"https:\/\/api.w.org\/{rel}","templated":true}]}}