{"id":4704,"date":"2023-06-16T15:59:00","date_gmt":"2023-06-16T13:59:00","guid":{"rendered":"https:\/\/jarnac-champagne.fr\/\/\/?p=4704"},"modified":"2023-06-16T15:59:02","modified_gmt":"2023-06-16T13:59:02","slug":"estimez-votre-empreinte-carbone","status":"publish","type":"post","link":"https:\/\/jarnac-champagne.fr\/index.php\/2023\/06\/16\/estimez-votre-empreinte-carbone\/","title":{"rendered":"Estimez votre empreinte carbone"},"content":{"rendered":"\n<p>Le climat se r\u00e9chauffe \u00e0 cause des activit\u00e9s humaines, c&rsquo;est un fait. Mais quel est notre impact, \u00e0 notre \u00e9chelle de citoyen ?<\/p>\n\n\n\n<p>Pour estimer sa propre contribution au r\u00e9chauffement de la plan\u00e8te (son \u00ab\u00a0impact climat\u00a0\u00bb), il est d&rsquo;usage de calculer&nbsp;<em>l&#8217;empreinte carbone individuelle de consommation<\/em>.<\/p>\n\n\n\n<p><a href=\"https:\/\/nosgestesclimat.fr\/\">https:\/\/nosgestesclimat.fr\/<\/a><\/p>\n","protected":false},"excerpt":{"rendered":"<p>Le climat se r\u00e9chauffe \u00e0 cause des activit\u00e9s humaines, c&rsquo;est un fait. Mais quel est notre impact, \u00e0 notre \u00e9chelle<\/p>\n","protected":false},"author":1,"featured_media":2378,"comment_status":"open","ping_status":"open","sticky":false,"template":"","format":"standard","meta":{"colormag_page_container_layout":"default_layout","colormag_page_sidebar_layout":"default_layout","footnotes":""},"categories":[4],"tags":[],"class_list":["post-4704","post","type-post","status-publish","format-standard","has-post-thumbnail","hentry","category-infos-mairie"],"_links":{"self":[{"href":"https:\/\/jarnac-champagne.fr\/index.php\/wp-json\/wp\/v2\/posts\/4704","targetHints":{"allow":["GET"]}}],"collection":[{"href":"https:\/\/jarnac-champagne.fr\/index.php\/wp-json\/wp\/v2\/posts"}],"about":[{"href":"https:\/\/jarnac-champagne.fr\/index.php\/wp-json\/wp\/v2\/types\/post"}],"author":[{"embeddable":true,"href":"https:\/\/jarnac-champagne.fr\/index.php\/wp-json\/wp\/v2\/users\/1"}],"replies":[{"embeddable":true,"href":"https:\/\/jarnac-champagne.fr\/index.php\/wp-json\/wp\/v2\/comments?post=4704"}],"version-history":[{"count":1,"href":"https:\/\/jarnac-champagne.fr\/index.php\/wp-json\/wp\/v2\/posts\/4704\/revisions"}],"predecessor-version":[{"id":4705,"href":"https:\/\/jarnac-champagne.fr\/index.php\/wp-json\/wp\/v2\/posts\/4704\/revisions\/4705"}],"wp:featuredmedia":[{"embeddable":true,"href":"https:\/\/jarnac-champagne.fr\/index.php\/wp-json\/wp\/v2\/media\/2378"}],"wp:attachment":[{"href":"https:\/\/jarnac-champagne.fr\/index.php\/wp-json\/wp\/v2\/media?parent=4704"}],"wp:term":[{"taxonomy":"category","embeddable":true,"href":"https:\/\/jarnac-champagne.fr\/index.php\/wp-json\/wp\/v2\/categories?post=4704"},{"taxonomy":"post_tag","embeddable":true,"href":"https:\/\/jarnac-champagne.fr\/index.php\/wp-json\/wp\/v2\/tags?post=4704"}],"curies":[{"name":"wp","href":"https:\/\/api.w.org\/{rel}","templated":true}]}}