{"id":486,"date":"2020-05-23T19:36:08","date_gmt":"2020-05-23T17:36:08","guid":{"rendered":"https:\/\/jarnac-champagne.fr\/\/\/?p=486"},"modified":"2020-05-23T19:36:09","modified_gmt":"2020-05-23T17:36:09","slug":"remplacement-compteur-enedis","status":"publish","type":"post","link":"https:\/\/jarnac-champagne.fr\/index.php\/2020\/05\/23\/remplacement-compteur-enedis\/","title":{"rendered":"Remplacement compteur ENEDIS"},"content":{"rendered":"\n<p>Vous avez re\u00e7u ou allez recevoir prochainement un courrier d\u2019Enedis vous informant de l\u2019installation du nouveau compteur communicant. <\/p>\n\n\n\n<p><strong>L\u2019entreprise RSP (Rel\u00e8ve Service Plus)<\/strong> mandat\u00e9e par Enedis vous contactera dans un second temps. <\/p>\n\n\n\n<p>Cette entreprise sera facilement identifiable gr\u00e2ce au <strong>logo \u00ab Partenaire Linky \u00bb. <\/strong>Ses techniciens sont form\u00e9s et habilit\u00e9s \u00e0 remplacer les compteurs d\u2019\u00e9lectricit\u00e9. <\/p>\n\n\n\n<p>L&rsquo;intervention est d&rsquo;une dur\u00e9e moyenne de 30 minutes avec une coupure momentan\u00e9e de l&rsquo;alimentation d&rsquo;\u00e9lectricit\u00e9.<\/p>\n\n\n\n<p>Le changement de compteur est obligatoire. Qu&rsquo;il soit \u00e0 l&rsquo;int\u00e9rieur ou \u00e0 l&rsquo;ext\u00e9rieur, il est la propri\u00e9t\u00e9 d&rsquo;ENEDIS.<\/p>\n\n\n\n<p>Une attention particuli\u00e8re a \u00e9t\u00e9 port\u00e9e aux nouvelles r\u00e8gles sanitaires pour une reprise en toute s\u00e9curit\u00e9 pour les clients et les techniciens.<\/p>\n\n\n\n<p>Pour plus d&rsquo;informations : <a href=\"https:\/\/www.enedis.fr\/linky-compteur-communicant\">https:\/\/www.enedis.fr\/linky-compteur-communicant<\/a><\/p>\n\n\n<a href=\"https:\/\/jarnac-champagne.fr\/\/\/wp-content\/uploads\/2020\/05\/Enedis-mesures-de-se\u0301curite\u0301.pdf\" class=\"pdfemb-viewer\" style=\"\" data-width=\"max\" data-height=\"max\" data-toolbar=\"bottom\" data-toolbar-fixed=\"off\">Enedis-mesures-de-se\u0301curite\u0301<\/a>\n<p class=\"wp-block-pdfemb-pdf-embedder-viewer\"><\/p>\n","protected":false},"excerpt":{"rendered":"<p>Vous avez re\u00e7u ou allez recevoir prochainement un courrier d\u2019Enedis vous informant de l\u2019installation du nouveau compteur communicant. L\u2019entreprise RSP<\/p>\n","protected":false},"author":1,"featured_media":105,"comment_status":"open","ping_status":"open","sticky":false,"template":"","format":"standard","meta":{"colormag_page_container_layout":"default_layout","colormag_page_sidebar_layout":"default_layout","footnotes":""},"categories":[4],"tags":[],"class_list":["post-486","post","type-post","status-publish","format-standard","has-post-thumbnail","hentry","category-infos-mairie"],"_links":{"self":[{"href":"https:\/\/jarnac-champagne.fr\/index.php\/wp-json\/wp\/v2\/posts\/486","targetHints":{"allow":["GET"]}}],"collection":[{"href":"https:\/\/jarnac-champagne.fr\/index.php\/wp-json\/wp\/v2\/posts"}],"about":[{"href":"https:\/\/jarnac-champagne.fr\/index.php\/wp-json\/wp\/v2\/types\/post"}],"author":[{"embeddable":true,"href":"https:\/\/jarnac-champagne.fr\/index.php\/wp-json\/wp\/v2\/users\/1"}],"replies":[{"embeddable":true,"href":"https:\/\/jarnac-champagne.fr\/index.php\/wp-json\/wp\/v2\/comments?post=486"}],"version-history":[{"count":1,"href":"https:\/\/jarnac-champagne.fr\/index.php\/wp-json\/wp\/v2\/posts\/486\/revisions"}],"predecessor-version":[{"id":488,"href":"https:\/\/jarnac-champagne.fr\/index.php\/wp-json\/wp\/v2\/posts\/486\/revisions\/488"}],"wp:featuredmedia":[{"embeddable":true,"href":"https:\/\/jarnac-champagne.fr\/index.php\/wp-json\/wp\/v2\/media\/105"}],"wp:attachment":[{"href":"https:\/\/jarnac-champagne.fr\/index.php\/wp-json\/wp\/v2\/media?parent=486"}],"wp:term":[{"taxonomy":"category","embeddable":true,"href":"https:\/\/jarnac-champagne.fr\/index.php\/wp-json\/wp\/v2\/categories?post=486"},{"taxonomy":"post_tag","embeddable":true,"href":"https:\/\/jarnac-champagne.fr\/index.php\/wp-json\/wp\/v2\/tags?post=486"}],"curies":[{"name":"wp","href":"https:\/\/api.w.org\/{rel}","templated":true}]}}