{"id":4901,"date":"2023-07-14T20:14:26","date_gmt":"2023-07-14T18:14:26","guid":{"rendered":"https:\/\/jarnac-champagne.fr\/\/\/?p=4901"},"modified":"2023-07-14T20:14:27","modified_gmt":"2023-07-14T18:14:27","slug":"14-juillet-2023","status":"publish","type":"post","link":"https:\/\/jarnac-champagne.fr\/index.php\/2023\/07\/14\/14-juillet-2023\/","title":{"rendered":"14 juillet 2023"},"content":{"rendered":"\n<p>Un 14 juillet, pas comme les autres pour nos jeunes \u00e9lus et qui restera dans leurs m\u00e9moires. En effet, pour les remercier, Mme La Sous-Pr\u00e9f\u00e8te, Estelle Lepr\u00eatre, a souhait\u00e9 inviter des jeunes qui font preuve d&rsquo;engagement et de civisme.<\/p>\n\n\n\n<p>Avec des enfants de l&rsquo;\u00e9cole de Bussac-For\u00eat et de Jonzac, Abby-Ga\u00eblle, Baptiste, Emilien, Flavie, Florent et S\u00e9ona \u00e9taient convi\u00e9s \u00e0 un petit-d\u00e9jeuner \u00e0 la Sous-Pr\u00e9fecture en pr\u00e9sence des autorit\u00e9s locales. Mme Chantal Guimberteau, Conseill\u00e8re D\u00e9partementale et M. Rapha\u00ebl G\u00e9rard, D\u00e9put\u00e9, \u00e9taient parmi nous.<\/p>\n\n\n\n<p>Nos jeunes ont \u00e9t\u00e9 g\u00e2t\u00e9s avec une visite de la Sous-Pr\u00e9fecture, une exposition des v\u00e9hicules du 515\u00e8me R\u00e9giment du Train avant d&rsquo;entonner tous ensemble notre hymne national dans la cour d&rsquo;honneur.<\/p>\n\n\n\n<p>Baptiste se souviendra longtemps de son anniversaire f\u00eat\u00e9 \u00e0 la Sous-Pr\u00e9fecture avec les bougies !<\/p>\n\n\n\n<p>M.Le Maire de Jonzac, Christophe Cabri, a offert \u00e0 chaque enfant une ardoise du ch\u00e2teau avec son sceau.<\/p>\n\n\n\n<p>La matin\u00e9e s&rsquo;est achev\u00e9e par notre pr\u00e9sence \u00e0 la traditionnelle c\u00e9r\u00e9monie du 14 juillet en musique, d\u00e9p\u00f4t de gerbe, Marseillaise et d\u00e9fil\u00e9 en musique des pompiers et gendarmes. Les parents \u00e9taient invit\u00e9s \u00e0 assister \u00e0 ce beau moment.<\/p>\n\n\n\n<p>Nous remercions tr\u00e8s sinc\u00e8rement Mme La Sous-Pr\u00e9f\u00e8te et toute son \u00e9quipe pour leur accueil chaleureux et l&rsquo;organisation de cette matin\u00e9e, M.Le Maire de Jonzac et tous les participants.<\/p>\n\n\n\n<p>On vous laisse d\u00e9couvrir en images ce 14 juillet et f\u00e9licitations \u00e0 nos 6 jeunes \u00e9lus.<\/p>\n\n\n\n<figure class=\"wp-block-gallery has-nested-images columns-default is-cropped wp-block-gallery-1 is-layout-flex wp-block-gallery-is-layout-flex\">\n<figure class=\"wp-block-image size-large\"><img loading=\"lazy\" decoding=\"async\" width=\"768\" height=\"1024\" data-id=\"4905\" src=\"https:\/\/jarnac-champagne.fr\/\/\/wp-content\/uploads\/2023\/07\/14_Juillet_20234-768x1024.jpg\" alt=\"\" class=\"wp-image-4905\" srcset=\"https:\/\/jarnac-champagne.fr\/wp-content\/uploads\/2023\/07\/14_Juillet_20234-768x1024.jpg 768w, https:\/\/jarnac-champagne.fr\/wp-content\/uploads\/2023\/07\/14_Juillet_20234-225x300.jpg 225w, https:\/\/jarnac-champagne.fr\/wp-content\/uploads\/2023\/07\/14_Juillet_20234-1152x1536.jpg 1152w, https:\/\/jarnac-champagne.fr\/wp-content\/uploads\/2023\/07\/14_Juillet_20234-1536x2048.jpg 1536w, https:\/\/jarnac-champagne.fr\/wp-content\/uploads\/2023\/07\/14_Juillet_20234-scaled.jpg 1920w\" sizes=\"auto, (max-width: 768px) 100vw, 768px\" \/><\/figure>\n\n\n\n<figure class=\"wp-block-image size-large\"><img loading=\"lazy\" decoding=\"async\" width=\"768\" height=\"1024\" data-id=\"4903\" src=\"https:\/\/jarnac-champagne.fr\/\/\/wp-content\/uploads\/2023\/07\/14_Juillet_20238-768x1024.jpg\" alt=\"\" class=\"wp-image-4903\" srcset=\"https:\/\/jarnac-champagne.fr\/wp-content\/uploads\/2023\/07\/14_Juillet_20238-768x1024.jpg 768w, https:\/\/jarnac-champagne.fr\/wp-content\/uploads\/2023\/07\/14_Juillet_20238-225x300.jpg 225w, https:\/\/jarnac-champagne.fr\/wp-content\/uploads\/2023\/07\/14_Juillet_20238-1152x1536.jpg 1152w, https:\/\/jarnac-champagne.fr\/wp-content\/uploads\/2023\/07\/14_Juillet_20238-1536x2048.jpg 1536w, https:\/\/jarnac-champagne.fr\/wp-content\/uploads\/2023\/07\/14_Juillet_20238-scaled.jpg 1920w\" sizes=\"auto, (max-width: 768px) 100vw, 768px\" \/><\/figure>\n\n\n\n<figure class=\"wp-block-image size-large\"><img loading=\"lazy\" decoding=\"async\" width=\"768\" height=\"1024\" data-id=\"4904\" src=\"https:\/\/jarnac-champagne.fr\/\/\/wp-content\/uploads\/2023\/07\/14_Juillet_202314-768x1024.jpg\" alt=\"\" class=\"wp-image-4904\" srcset=\"https:\/\/jarnac-champagne.fr\/wp-content\/uploads\/2023\/07\/14_Juillet_202314-768x1024.jpg 768w, https:\/\/jarnac-champagne.fr\/wp-content\/uploads\/2023\/07\/14_Juillet_202314-225x300.jpg 225w, https:\/\/jarnac-champagne.fr\/wp-content\/uploads\/2023\/07\/14_Juillet_202314-1152x1536.jpg 1152w, https:\/\/jarnac-champagne.fr\/wp-content\/uploads\/2023\/07\/14_Juillet_202314-1536x2048.jpg 1536w, https:\/\/jarnac-champagne.fr\/wp-content\/uploads\/2023\/07\/14_Juillet_202314-scaled.jpg 1920w\" sizes=\"auto, (max-width: 768px) 100vw, 768px\" \/><\/figure>\n\n\n\n<figure class=\"wp-block-image size-large\"><img loading=\"lazy\" decoding=\"async\" width=\"733\" height=\"1024\" data-id=\"4906\" src=\"https:\/\/jarnac-champagne.fr\/\/\/wp-content\/uploads\/2023\/07\/14_Juillet_202330-733x1024.jpg\" alt=\"\" class=\"wp-image-4906\" srcset=\"https:\/\/jarnac-champagne.fr\/wp-content\/uploads\/2023\/07\/14_Juillet_202330-733x1024.jpg 733w, https:\/\/jarnac-champagne.fr\/wp-content\/uploads\/2023\/07\/14_Juillet_202330-215x300.jpg 215w, https:\/\/jarnac-champagne.fr\/wp-content\/uploads\/2023\/07\/14_Juillet_202330-768x1073.jpg 768w, https:\/\/jarnac-champagne.fr\/wp-content\/uploads\/2023\/07\/14_Juillet_202330-1100x1536.jpg 1100w, https:\/\/jarnac-champagne.fr\/wp-content\/uploads\/2023\/07\/14_Juillet_202330-1466x2048.jpg 1466w, https:\/\/jarnac-champagne.fr\/wp-content\/uploads\/2023\/07\/14_Juillet_202330-scaled.jpg 1833w\" sizes=\"auto, (max-width: 733px) 100vw, 733px\" \/><\/figure>\n\n\n\n<figure class=\"wp-block-image size-large\"><img loading=\"lazy\" decoding=\"async\" width=\"582\" height=\"1024\" data-id=\"4907\" src=\"https:\/\/jarnac-champagne.fr\/\/\/wp-content\/uploads\/2023\/07\/14_Juillet_202331-582x1024.jpg\" alt=\"\" class=\"wp-image-4907\" srcset=\"https:\/\/jarnac-champagne.fr\/wp-content\/uploads\/2023\/07\/14_Juillet_202331-582x1024.jpg 582w, https:\/\/jarnac-champagne.fr\/wp-content\/uploads\/2023\/07\/14_Juillet_202331-171x300.jpg 171w, https:\/\/jarnac-champagne.fr\/wp-content\/uploads\/2023\/07\/14_Juillet_202331-768x1350.jpg 768w, https:\/\/jarnac-champagne.fr\/wp-content\/uploads\/2023\/07\/14_Juillet_202331-874x1536.jpg 874w, https:\/\/jarnac-champagne.fr\/wp-content\/uploads\/2023\/07\/14_Juillet_202331-1165x2048.jpg 1165w, https:\/\/jarnac-champagne.fr\/wp-content\/uploads\/2023\/07\/14_Juillet_202331-scaled.jpg 1456w\" sizes=\"auto, (max-width: 582px) 100vw, 582px\" \/><\/figure>\n\n\n\n<figure class=\"wp-block-image size-large\"><img loading=\"lazy\" decoding=\"async\" width=\"768\" height=\"1024\" data-id=\"4908\" src=\"https:\/\/jarnac-champagne.fr\/\/\/wp-content\/uploads\/2023\/07\/14_Juillet_202335-768x1024.jpg\" alt=\"\" class=\"wp-image-4908\" srcset=\"https:\/\/jarnac-champagne.fr\/wp-content\/uploads\/2023\/07\/14_Juillet_202335-768x1024.jpg 768w, https:\/\/jarnac-champagne.fr\/wp-content\/uploads\/2023\/07\/14_Juillet_202335-225x300.jpg 225w, https:\/\/jarnac-champagne.fr\/wp-content\/uploads\/2023\/07\/14_Juillet_202335-1152x1536.jpg 1152w, https:\/\/jarnac-champagne.fr\/wp-content\/uploads\/2023\/07\/14_Juillet_202335-1536x2048.jpg 1536w, https:\/\/jarnac-champagne.fr\/wp-content\/uploads\/2023\/07\/14_Juillet_202335-scaled.jpg 1920w\" sizes=\"auto, (max-width: 768px) 100vw, 768px\" \/><\/figure>\n\n\n\n<figure class=\"wp-block-image size-large\"><img loading=\"lazy\" decoding=\"async\" width=\"975\" height=\"1024\" data-id=\"4911\" src=\"https:\/\/jarnac-champagne.fr\/\/\/wp-content\/uploads\/2023\/07\/14_Juillet_202345-975x1024.jpg\" alt=\"\" class=\"wp-image-4911\" srcset=\"https:\/\/jarnac-champagne.fr\/wp-content\/uploads\/2023\/07\/14_Juillet_202345-975x1024.jpg 975w, https:\/\/jarnac-champagne.fr\/wp-content\/uploads\/2023\/07\/14_Juillet_202345-286x300.jpg 286w, https:\/\/jarnac-champagne.fr\/wp-content\/uploads\/2023\/07\/14_Juillet_202345-768x806.jpg 768w, https:\/\/jarnac-champagne.fr\/wp-content\/uploads\/2023\/07\/14_Juillet_202345-1463x1536.jpg 1463w, https:\/\/jarnac-champagne.fr\/wp-content\/uploads\/2023\/07\/14_Juillet_202345-1950x2048.jpg 1950w\" sizes=\"auto, (max-width: 975px) 100vw, 975px\" \/><\/figure>\n\n\n\n<figure class=\"wp-block-image size-large\"><img loading=\"lazy\" decoding=\"async\" width=\"768\" height=\"1024\" data-id=\"4913\" src=\"https:\/\/jarnac-champagne.fr\/\/\/wp-content\/uploads\/2023\/07\/14_Juillet_202351-768x1024.jpg\" alt=\"\" class=\"wp-image-4913\" srcset=\"https:\/\/jarnac-champagne.fr\/wp-content\/uploads\/2023\/07\/14_Juillet_202351-768x1024.jpg 768w, https:\/\/jarnac-champagne.fr\/wp-content\/uploads\/2023\/07\/14_Juillet_202351-225x300.jpg 225w, https:\/\/jarnac-champagne.fr\/wp-content\/uploads\/2023\/07\/14_Juillet_202351-1152x1536.jpg 1152w, https:\/\/jarnac-champagne.fr\/wp-content\/uploads\/2023\/07\/14_Juillet_202351-1536x2048.jpg 1536w, https:\/\/jarnac-champagne.fr\/wp-content\/uploads\/2023\/07\/14_Juillet_202351-scaled.jpg 1920w\" sizes=\"auto, (max-width: 768px) 100vw, 768px\" \/><\/figure>\n\n\n\n<figure class=\"wp-block-image size-large\"><img loading=\"lazy\" decoding=\"async\" width=\"768\" height=\"1024\" data-id=\"4914\" src=\"https:\/\/jarnac-champagne.fr\/\/\/wp-content\/uploads\/2023\/07\/14_Juillet_202353-768x1024.jpg\" alt=\"\" class=\"wp-image-4914\" srcset=\"https:\/\/jarnac-champagne.fr\/wp-content\/uploads\/2023\/07\/14_Juillet_202353-768x1024.jpg 768w, https:\/\/jarnac-champagne.fr\/wp-content\/uploads\/2023\/07\/14_Juillet_202353-225x300.jpg 225w, https:\/\/jarnac-champagne.fr\/wp-content\/uploads\/2023\/07\/14_Juillet_202353-1152x1536.jpg 1152w, https:\/\/jarnac-champagne.fr\/wp-content\/uploads\/2023\/07\/14_Juillet_202353-1536x2048.jpg 1536w, https:\/\/jarnac-champagne.fr\/wp-content\/uploads\/2023\/07\/14_Juillet_202353-scaled.jpg 1920w\" sizes=\"auto, (max-width: 768px) 100vw, 768px\" \/><\/figure>\n\n\n\n<figure class=\"wp-block-image size-large\"><img loading=\"lazy\" decoding=\"async\" width=\"812\" height=\"1024\" data-id=\"4915\" src=\"https:\/\/jarnac-champagne.fr\/\/\/wp-content\/uploads\/2023\/07\/14_Juillet_202366-812x1024.jpg\" alt=\"\" class=\"wp-image-4915\" srcset=\"https:\/\/jarnac-champagne.fr\/wp-content\/uploads\/2023\/07\/14_Juillet_202366-812x1024.jpg 812w, https:\/\/jarnac-champagne.fr\/wp-content\/uploads\/2023\/07\/14_Juillet_202366-238x300.jpg 238w, https:\/\/jarnac-champagne.fr\/wp-content\/uploads\/2023\/07\/14_Juillet_202366-768x968.jpg 768w, https:\/\/jarnac-champagne.fr\/wp-content\/uploads\/2023\/07\/14_Juillet_202366-1219x1536.jpg 1219w, https:\/\/jarnac-champagne.fr\/wp-content\/uploads\/2023\/07\/14_Juillet_202366-1625x2048.jpg 1625w, https:\/\/jarnac-champagne.fr\/wp-content\/uploads\/2023\/07\/14_Juillet_202366-scaled.jpg 2031w\" sizes=\"auto, (max-width: 812px) 100vw, 812px\" \/><\/figure>\n\n\n\n<figure class=\"wp-block-image size-large\"><img loading=\"lazy\" decoding=\"async\" width=\"768\" height=\"1024\" data-id=\"4916\" src=\"https:\/\/jarnac-champagne.fr\/\/\/wp-content\/uploads\/2023\/07\/14_Juillet_202370-768x1024.jpg\" alt=\"\" class=\"wp-image-4916\" srcset=\"https:\/\/jarnac-champagne.fr\/wp-content\/uploads\/2023\/07\/14_Juillet_202370-768x1024.jpg 768w, https:\/\/jarnac-champagne.fr\/wp-content\/uploads\/2023\/07\/14_Juillet_202370-225x300.jpg 225w, https:\/\/jarnac-champagne.fr\/wp-content\/uploads\/2023\/07\/14_Juillet_202370-1152x1536.jpg 1152w, https:\/\/jarnac-champagne.fr\/wp-content\/uploads\/2023\/07\/14_Juillet_202370-1536x2048.jpg 1536w, https:\/\/jarnac-champagne.fr\/wp-content\/uploads\/2023\/07\/14_Juillet_202370-scaled.jpg 1920w\" sizes=\"auto, (max-width: 768px) 100vw, 768px\" \/><\/figure>\n\n\n\n<figure class=\"wp-block-image size-large\"><img loading=\"lazy\" decoding=\"async\" width=\"768\" height=\"1024\" data-id=\"4920\" src=\"https:\/\/jarnac-champagne.fr\/\/\/wp-content\/uploads\/2023\/07\/14_Juillet_202396-768x1024.jpg\" alt=\"\" class=\"wp-image-4920\" srcset=\"https:\/\/jarnac-champagne.fr\/wp-content\/uploads\/2023\/07\/14_Juillet_202396-768x1024.jpg 768w, https:\/\/jarnac-champagne.fr\/wp-content\/uploads\/2023\/07\/14_Juillet_202396-225x300.jpg 225w, https:\/\/jarnac-champagne.fr\/wp-content\/uploads\/2023\/07\/14_Juillet_202396-1152x1536.jpg 1152w, https:\/\/jarnac-champagne.fr\/wp-content\/uploads\/2023\/07\/14_Juillet_202396-1536x2048.jpg 1536w, https:\/\/jarnac-champagne.fr\/wp-content\/uploads\/2023\/07\/14_Juillet_202396-scaled.jpg 1920w\" sizes=\"auto, (max-width: 768px) 100vw, 768px\" \/><\/figure>\n\n\n\n<figure class=\"wp-block-image size-large\"><img loading=\"lazy\" decoding=\"async\" width=\"526\" height=\"1024\" data-id=\"4921\" src=\"https:\/\/jarnac-champagne.fr\/\/\/wp-content\/uploads\/2023\/07\/14_Juillet_2023101-526x1024.jpg\" alt=\"\" class=\"wp-image-4921\" srcset=\"https:\/\/jarnac-champagne.fr\/wp-content\/uploads\/2023\/07\/14_Juillet_2023101-526x1024.jpg 526w, https:\/\/jarnac-champagne.fr\/wp-content\/uploads\/2023\/07\/14_Juillet_2023101-154x300.jpg 154w, https:\/\/jarnac-champagne.fr\/wp-content\/uploads\/2023\/07\/14_Juillet_2023101-768x1495.jpg 768w, https:\/\/jarnac-champagne.fr\/wp-content\/uploads\/2023\/07\/14_Juillet_2023101-789x1536.jpg 789w, https:\/\/jarnac-champagne.fr\/wp-content\/uploads\/2023\/07\/14_Juillet_2023101-1052x2048.jpg 1052w, https:\/\/jarnac-champagne.fr\/wp-content\/uploads\/2023\/07\/14_Juillet_2023101-scaled.jpg 1315w\" sizes=\"auto, (max-width: 526px) 100vw, 526px\" \/><\/figure>\n\n\n\n<figure class=\"wp-block-image size-large\"><img loading=\"lazy\" decoding=\"async\" width=\"655\" height=\"1024\" data-id=\"4922\" src=\"https:\/\/jarnac-champagne.fr\/\/\/wp-content\/uploads\/2023\/07\/14_Juillet_2023102-655x1024.jpg\" alt=\"\" class=\"wp-image-4922\" srcset=\"https:\/\/jarnac-champagne.fr\/wp-content\/uploads\/2023\/07\/14_Juillet_2023102-655x1024.jpg 655w, https:\/\/jarnac-champagne.fr\/wp-content\/uploads\/2023\/07\/14_Juillet_2023102-192x300.jpg 192w, https:\/\/jarnac-champagne.fr\/wp-content\/uploads\/2023\/07\/14_Juillet_2023102-768x1201.jpg 768w, https:\/\/jarnac-champagne.fr\/wp-content\/uploads\/2023\/07\/14_Juillet_2023102-982x1536.jpg 982w, https:\/\/jarnac-champagne.fr\/wp-content\/uploads\/2023\/07\/14_Juillet_2023102-1310x2048.jpg 1310w, https:\/\/jarnac-champagne.fr\/wp-content\/uploads\/2023\/07\/14_Juillet_2023102-scaled.jpg 1637w\" sizes=\"auto, (max-width: 655px) 100vw, 655px\" \/><\/figure>\n\n\n\n<figure class=\"wp-block-image size-large\"><img loading=\"lazy\" decoding=\"async\" width=\"785\" height=\"1024\" data-id=\"4923\" src=\"https:\/\/jarnac-champagne.fr\/\/\/wp-content\/uploads\/2023\/07\/14_Juillet_2023103-785x1024.jpg\" alt=\"\" class=\"wp-image-4923\" srcset=\"https:\/\/jarnac-champagne.fr\/wp-content\/uploads\/2023\/07\/14_Juillet_2023103-785x1024.jpg 785w, https:\/\/jarnac-champagne.fr\/wp-content\/uploads\/2023\/07\/14_Juillet_2023103-230x300.jpg 230w, https:\/\/jarnac-champagne.fr\/wp-content\/uploads\/2023\/07\/14_Juillet_2023103-768x1002.jpg 768w, https:\/\/jarnac-champagne.fr\/wp-content\/uploads\/2023\/07\/14_Juillet_2023103-1178x1536.jpg 1178w, https:\/\/jarnac-champagne.fr\/wp-content\/uploads\/2023\/07\/14_Juillet_2023103-1570x2048.jpg 1570w, https:\/\/jarnac-champagne.fr\/wp-content\/uploads\/2023\/07\/14_Juillet_2023103-scaled.jpg 1963w\" sizes=\"auto, (max-width: 785px) 100vw, 785px\" \/><\/figure>\n\n\n\n<figure class=\"wp-block-image size-large\"><img loading=\"lazy\" decoding=\"async\" width=\"768\" height=\"1024\" data-id=\"4924\" src=\"https:\/\/jarnac-champagne.fr\/\/\/wp-content\/uploads\/2023\/07\/14_Juillet_2023114-768x1024.jpg\" alt=\"\" class=\"wp-image-4924\" srcset=\"https:\/\/jarnac-champagne.fr\/wp-content\/uploads\/2023\/07\/14_Juillet_2023114-768x1024.jpg 768w, https:\/\/jarnac-champagne.fr\/wp-content\/uploads\/2023\/07\/14_Juillet_2023114-225x300.jpg 225w, https:\/\/jarnac-champagne.fr\/wp-content\/uploads\/2023\/07\/14_Juillet_2023114-1152x1536.jpg 1152w, https:\/\/jarnac-champagne.fr\/wp-content\/uploads\/2023\/07\/14_Juillet_2023114-1536x2048.jpg 1536w, https:\/\/jarnac-champagne.fr\/wp-content\/uploads\/2023\/07\/14_Juillet_2023114-scaled.jpg 1920w\" sizes=\"auto, (max-width: 768px) 100vw, 768px\" \/><\/figure>\n\n\n\n<figure class=\"wp-block-image size-large\"><img loading=\"lazy\" decoding=\"async\" width=\"816\" height=\"1024\" data-id=\"4925\" src=\"https:\/\/jarnac-champagne.fr\/\/\/wp-content\/uploads\/2023\/07\/1689349750136-816x1024.jpg\" alt=\"\" class=\"wp-image-4925\" srcset=\"https:\/\/jarnac-champagne.fr\/wp-content\/uploads\/2023\/07\/1689349750136-816x1024.jpg 816w, https:\/\/jarnac-champagne.fr\/wp-content\/uploads\/2023\/07\/1689349750136-239x300.jpg 239w, https:\/\/jarnac-champagne.fr\/wp-content\/uploads\/2023\/07\/1689349750136-768x963.jpg 768w, https:\/\/jarnac-champagne.fr\/wp-content\/uploads\/2023\/07\/1689349750136-1225x1536.jpg 1225w, https:\/\/jarnac-champagne.fr\/wp-content\/uploads\/2023\/07\/1689349750136-1633x2048.jpg 1633w, https:\/\/jarnac-champagne.fr\/wp-content\/uploads\/2023\/07\/1689349750136-scaled.jpg 2041w\" sizes=\"auto, (max-width: 816px) 100vw, 816px\" \/><\/figure>\n\n\n\n<figure class=\"wp-block-image size-large\"><img loading=\"lazy\" decoding=\"async\" width=\"775\" height=\"1024\" data-id=\"4926\" src=\"https:\/\/jarnac-champagne.fr\/\/\/wp-content\/uploads\/2023\/07\/1689349750128-775x1024.jpg\" alt=\"\" class=\"wp-image-4926\" srcset=\"https:\/\/jarnac-champagne.fr\/wp-content\/uploads\/2023\/07\/1689349750128-775x1024.jpg 775w, https:\/\/jarnac-champagne.fr\/wp-content\/uploads\/2023\/07\/1689349750128-227x300.jpg 227w, https:\/\/jarnac-champagne.fr\/wp-content\/uploads\/2023\/07\/1689349750128-768x1014.jpg 768w, https:\/\/jarnac-champagne.fr\/wp-content\/uploads\/2023\/07\/1689349750128-1163x1536.jpg 1163w, https:\/\/jarnac-champagne.fr\/wp-content\/uploads\/2023\/07\/1689349750128-1551x2048.jpg 1551w, https:\/\/jarnac-champagne.fr\/wp-content\/uploads\/2023\/07\/1689349750128-scaled.jpg 1938w\" sizes=\"auto, (max-width: 775px) 100vw, 775px\" \/><\/figure>\n<\/figure>\n\n\n\n<figure class=\"wp-block-video\"><video height=\"1080\" style=\"aspect-ratio: 1920 \/ 1080;\" width=\"1920\" controls src=\"https:\/\/jarnac-champagne.fr\/\/\/wp-content\/uploads\/2023\/07\/14_Juillet_202320.mp4\"><\/video><\/figure>\n\n\n\n<figure class=\"wp-block-video\"><video height=\"1920\" style=\"aspect-ratio: 1080 \/ 1920;\" width=\"1080\" controls src=\"https:\/\/jarnac-champagne.fr\/\/\/wp-content\/uploads\/2023\/07\/14_Juillet_2023115.mp4\"><\/video><\/figure>\n","protected":false},"excerpt":{"rendered":"<p>Un 14 juillet, pas comme les autres pour nos jeunes \u00e9lus et qui restera dans leurs m\u00e9moires. En effet, pour<\/p>\n","protected":false},"author":1,"featured_media":105,"comment_status":"open","ping_status":"open","sticky":false,"template":"","format":"standard","meta":{"colormag_page_container_layout":"default_layout","colormag_page_sidebar_layout":"default_layout","footnotes":""},"categories":[4],"tags":[],"class_list":["post-4901","post","type-post","status-publish","format-standard","has-post-thumbnail","hentry","category-infos-mairie"],"_links":{"self":[{"href":"https:\/\/jarnac-champagne.fr\/index.php\/wp-json\/wp\/v2\/posts\/4901","targetHints":{"allow":["GET"]}}],"collection":[{"href":"https:\/\/jarnac-champagne.fr\/index.php\/wp-json\/wp\/v2\/posts"}],"about":[{"href":"https:\/\/jarnac-champagne.fr\/index.php\/wp-json\/wp\/v2\/types\/post"}],"author":[{"embeddable":true,"href":"https:\/\/jarnac-champagne.fr\/index.php\/wp-json\/wp\/v2\/users\/1"}],"replies":[{"embeddable":true,"href":"https:\/\/jarnac-champagne.fr\/index.php\/wp-json\/wp\/v2\/comments?post=4901"}],"version-history":[{"count":1,"href":"https:\/\/jarnac-champagne.fr\/index.php\/wp-json\/wp\/v2\/posts\/4901\/revisions"}],"predecessor-version":[{"id":4929,"href":"https:\/\/jarnac-champagne.fr\/index.php\/wp-json\/wp\/v2\/posts\/4901\/revisions\/4929"}],"wp:featuredmedia":[{"embeddable":true,"href":"https:\/\/jarnac-champagne.fr\/index.php\/wp-json\/wp\/v2\/media\/105"}],"wp:attachment":[{"href":"https:\/\/jarnac-champagne.fr\/index.php\/wp-json\/wp\/v2\/media?parent=4901"}],"wp:term":[{"taxonomy":"category","embeddable":true,"href":"https:\/\/jarnac-champagne.fr\/index.php\/wp-json\/wp\/v2\/categories?post=4901"},{"taxonomy":"post_tag","embeddable":true,"href":"https:\/\/jarnac-champagne.fr\/index.php\/wp-json\/wp\/v2\/tags?post=4901"}],"curies":[{"name":"wp","href":"https:\/\/api.w.org\/{rel}","templated":true}]}}