{"id":5006,"date":"2023-08-01T16:24:11","date_gmt":"2023-08-01T14:24:11","guid":{"rendered":"https:\/\/jarnac-champagne.fr\/\/\/?p=5006"},"modified":"2023-08-01T21:46:36","modified_gmt":"2023-08-01T19:46:36","slug":"eurochestries-bunch-of-talents-bouquet-de-talents","status":"publish","type":"post","link":"https:\/\/jarnac-champagne.fr\/index.php\/2023\/08\/01\/eurochestries-bunch-of-talents-bouquet-de-talents\/","title":{"rendered":"EUROCHESTRIES : Bunch Of Talents (Bouquet de talents)"},"content":{"rendered":"\n<p class=\"wp-block-paragraph\">A nouveau, nous avons la chance d&rsquo;accueillir 5 jeunes musiciens venus d&rsquo;Arm\u00e9nie, de Belgique, d&rsquo;Ukraine et de France. Tout ceci est rendu possible gr\u00e2ce au Concours en ligne \u00ab Jeunes Talents en musique classique \u00bb organis\u00e9 en 2021 par Eurochestries International pour tous les instruments de l\u2019orchestre symphonique. <br>Une petite pr\u00e9sentation s&rsquo;impose, alors c&rsquo;est parti !<\/p>\n\n\n\n<p class=\"wp-block-paragraph\"><mark style=\"background-color:rgba(0, 0, 0, 0)\" class=\"has-inline-color has-luminous-vivid-orange-color\"><strong>Josefien De Waele<\/strong><\/mark> est une<strong><mark style=\"background-color:rgba(0, 0, 0, 0)\" class=\"has-inline-color has-vivid-green-cyan-color\"> harpiste<\/mark><\/strong> prometteuse n\u00e9e en<mark style=\"background-color:rgba(0, 0, 0, 0)\" class=\"has-inline-color has-vivid-purple-color\"><strong> Belgique<\/strong><\/mark>. \u00c9tudiante au conservatoire d\u2019Amsterdam, elle se produit depuis 2022 en tant que professionnelle. Elle a r\u00e9cemment remport\u00e9 le 1er prix au \u00abConcours international Jeunes talents en musique classique\u00bb.<\/p>\n\n\n\n<p class=\"wp-block-paragraph\"><strong><mark style=\"background-color:rgba(0, 0, 0, 0)\" class=\"has-inline-color has-luminous-vivid-orange-color\">Ganna Faber et Iryna Hozhelnyk<\/mark><\/strong>, <strong><mark style=\"background-color:rgba(0, 0, 0, 0)\" class=\"has-inline-color has-vivid-purple-color\">ukrainiennes<\/mark><\/strong>, ont toutes deux commenc\u00e9 le <strong><mark style=\"background-color:rgba(0, 0, 0, 0)\" class=\"has-inline-color has-vivid-green-cyan-color\">violon <\/mark><\/strong>d\u00e8s leur plus jeune \u00e2ge, enseignantes et laur\u00e9ates de nombreuses comp\u00e9titions internationales.<\/p>\n\n\n\n<p class=\"wp-block-paragraph\"><strong><mark style=\"background-color:rgba(0, 0, 0, 0)\" class=\"has-inline-color has-vivid-purple-color\">Arm\u00e9nien<\/mark><\/strong>,<mark style=\"background-color:rgba(0, 0, 0, 0)\" class=\"has-inline-color has-luminous-vivid-orange-color\"> <strong>Eduard Khorozyana<\/strong><\/mark> a commenc\u00e9 la <strong><mark style=\"background-color:rgba(0, 0, 0, 0)\" class=\"has-inline-color has-vivid-green-cyan-color\">clarinette<\/mark><\/strong> \u00e0 l\u2019\u00e2ge de 9 ans. Dipl\u00f4m\u00e9 en 2018 de l\u2019Ecole des Arts de sa ville natale, il a jou\u00e9 dans plusieurs pays du monde et s\u2019est produit en tant que soliste avec l\u2019Orchestre Philarmonique National d\u2019Arm\u00e9nie.<\/p>\n\n\n\n<p class=\"wp-block-paragraph\"><strong><mark style=\"background-color:rgba(0, 0, 0, 0)\" class=\"has-inline-color has-luminous-vivid-orange-color\">Sora Lavorgna<\/mark><\/strong>, jeune <strong><mark style=\"background-color:rgba(0, 0, 0, 0)\" class=\"has-inline-color has-vivid-purple-color\">fran\u00e7aise<\/mark><\/strong> prodige du <strong><mark style=\"background-color:rgba(0, 0, 0, 0)\" class=\"has-inline-color has-vivid-green-cyan-color\">violon<\/mark><\/strong>, Sora, du haut de ses 10 ans, attire d\u00e9j\u00e0 l\u2019attention \u00e0 l\u2019\u00e9chelle internationale. Laur\u00e9ate de concours, elle a \u00e9galement particip\u00e9 \u00e0 <strong><mark style=\"background-color:rgba(0, 0, 0, 0)\" class=\"has-inline-color has-vivid-cyan-blue-color\">l\u2019\u00e9mission t\u00e9l\u00e9vis\u00e9e \u00abProdiges\u00bb<\/mark><\/strong> dans laquelle elle a remport\u00e9 le 1er prix dans la cat\u00e9gorie instruments. Un talent \u00e0 suivre dans les prochaines ann\u00e9es !<\/p>\n\n\n\n<p class=\"wp-block-paragraph\">Et voil\u00e0, vous savez tout, ces jeunes se connaissent depuis quelques jours seulement et se produiront devant vous le temps d&rsquo;une soir\u00e9e. La jeune Sora est \u00e9poustouflante de talent.<\/p>\n\n\n\n<figure class=\"wp-block-image aligncenter size-large\"><img fetchpriority=\"high\" decoding=\"async\" width=\"730\" height=\"1024\" src=\"https:\/\/jarnac-champagne.fr\/\/\/wp-content\/uploads\/2023\/08\/Jarnac-Champagne-730x1024.jpg\" alt=\"\" class=\"wp-image-5007\" srcset=\"https:\/\/jarnac-champagne.fr\/wp-content\/uploads\/2023\/08\/Jarnac-Champagne-730x1024.jpg 730w, https:\/\/jarnac-champagne.fr\/wp-content\/uploads\/2023\/08\/Jarnac-Champagne-214x300.jpg 214w, https:\/\/jarnac-champagne.fr\/wp-content\/uploads\/2023\/08\/Jarnac-Champagne-768x1077.jpg 768w, https:\/\/jarnac-champagne.fr\/wp-content\/uploads\/2023\/08\/Jarnac-Champagne-1095x1536.jpg 1095w, https:\/\/jarnac-champagne.fr\/wp-content\/uploads\/2023\/08\/Jarnac-Champagne-1460x2048.jpg 1460w, https:\/\/jarnac-champagne.fr\/wp-content\/uploads\/2023\/08\/Jarnac-Champagne-scaled.jpg 1825w\" sizes=\"(max-width: 730px) 100vw, 730px\" \/><\/figure>\n","protected":false},"excerpt":{"rendered":"<p>A nouveau, nous avons la chance d&rsquo;accueillir 5 jeunes musiciens venus d&rsquo;Arm\u00e9nie, de Belgique, d&rsquo;Ukraine et de France. Tout ceci<\/p>\n","protected":false},"author":1,"featured_media":105,"comment_status":"open","ping_status":"open","sticky":false,"template":"","format":"standard","meta":{"colormag_page_container_layout":"default_layout","colormag_page_sidebar_layout":"default_layout","footnotes":""},"categories":[4],"tags":[],"class_list":["post-5006","post","type-post","status-publish","format-standard","has-post-thumbnail","hentry","category-infos-mairie"],"_links":{"self":[{"href":"https:\/\/jarnac-champagne.fr\/index.php\/wp-json\/wp\/v2\/posts\/5006","targetHints":{"allow":["GET"]}}],"collection":[{"href":"https:\/\/jarnac-champagne.fr\/index.php\/wp-json\/wp\/v2\/posts"}],"about":[{"href":"https:\/\/jarnac-champagne.fr\/index.php\/wp-json\/wp\/v2\/types\/post"}],"author":[{"embeddable":true,"href":"https:\/\/jarnac-champagne.fr\/index.php\/wp-json\/wp\/v2\/users\/1"}],"replies":[{"embeddable":true,"href":"https:\/\/jarnac-champagne.fr\/index.php\/wp-json\/wp\/v2\/comments?post=5006"}],"version-history":[{"count":2,"href":"https:\/\/jarnac-champagne.fr\/index.php\/wp-json\/wp\/v2\/posts\/5006\/revisions"}],"predecessor-version":[{"id":5013,"href":"https:\/\/jarnac-champagne.fr\/index.php\/wp-json\/wp\/v2\/posts\/5006\/revisions\/5013"}],"wp:featuredmedia":[{"embeddable":true,"href":"https:\/\/jarnac-champagne.fr\/index.php\/wp-json\/wp\/v2\/media\/105"}],"wp:attachment":[{"href":"https:\/\/jarnac-champagne.fr\/index.php\/wp-json\/wp\/v2\/media?parent=5006"}],"wp:term":[{"taxonomy":"category","embeddable":true,"href":"https:\/\/jarnac-champagne.fr\/index.php\/wp-json\/wp\/v2\/categories?post=5006"},{"taxonomy":"post_tag","embeddable":true,"href":"https:\/\/jarnac-champagne.fr\/index.php\/wp-json\/wp\/v2\/tags?post=5006"}],"curies":[{"name":"wp","href":"https:\/\/api.w.org\/{rel}","templated":true}]}}