{"id":505,"date":"2020-05-27T19:32:03","date_gmt":"2020-05-27T17:32:03","guid":{"rendered":"https:\/\/jarnac-champagne.fr\/\/\/?p=505"},"modified":"2020-05-27T19:33:41","modified_gmt":"2020-05-27T17:33:41","slug":"elections-du-maire-et-des-adjoints","status":"publish","type":"post","link":"https:\/\/jarnac-champagne.fr\/index.php\/2020\/05\/27\/elections-du-maire-et-des-adjoints\/","title":{"rendered":"Elections du Maire et des adjoints"},"content":{"rendered":"\n<p>Mardi 26 mai, le conseil municipal \u00e9tait au complet pour l&rsquo;\u00e9lection du maire et des adjoints.<\/p>\n\n\n\n<p>Sont \u00e9lus :<\/p>\n\n\n\n<p>Maire : Mme Christelle Neau<\/p>\n\n\n\n<p>1er adjoint : M.Dominique Renoulleau<\/p>\n\n\n\n<p>2\u00e8me adjoint : M.G\u00e9rard Renaud<\/p>\n\n\n\n<p>3\u00e8me adjointe : Mme Nicole Dugu\u00e9<\/p>\n\n\n\n<figure class=\"wp-block-image size-large\"><img loading=\"lazy\" decoding=\"async\" width=\"953\" height=\"1000\" src=\"https:\/\/jarnac-champagne.fr\/\/\/wp-content\/uploads\/2020\/05\/Elections_Maire1-1.jpg\" alt=\"\" class=\"wp-image-508\" srcset=\"https:\/\/jarnac-champagne.fr\/wp-content\/uploads\/2020\/05\/Elections_Maire1-1.jpg 953w, https:\/\/jarnac-champagne.fr\/wp-content\/uploads\/2020\/05\/Elections_Maire1-1-286x300.jpg 286w, https:\/\/jarnac-champagne.fr\/wp-content\/uploads\/2020\/05\/Elections_Maire1-1-768x806.jpg 768w\" sizes=\"auto, (max-width: 953px) 100vw, 953px\" \/><\/figure>\n\n\n\n<figure class=\"wp-block-image size-large\"><img loading=\"lazy\" decoding=\"async\" width=\"498\" height=\"737\" src=\"https:\/\/jarnac-champagne.fr\/\/\/wp-content\/uploads\/2020\/05\/Elections_Maire0.jpg\" alt=\"\" class=\"wp-image-506\" srcset=\"https:\/\/jarnac-champagne.fr\/wp-content\/uploads\/2020\/05\/Elections_Maire0.jpg 498w, https:\/\/jarnac-champagne.fr\/wp-content\/uploads\/2020\/05\/Elections_Maire0-203x300.jpg 203w\" sizes=\"auto, (max-width: 498px) 100vw, 498px\" \/><\/figure>\n\n\n\n<p><\/p>\n","protected":false},"excerpt":{"rendered":"<p>Mardi 26 mai, le conseil municipal \u00e9tait au complet pour l&rsquo;\u00e9lection du maire et des adjoints. Sont \u00e9lus : Maire<\/p>\n","protected":false},"author":1,"featured_media":105,"comment_status":"open","ping_status":"open","sticky":false,"template":"","format":"standard","meta":{"colormag_page_container_layout":"default_layout","colormag_page_sidebar_layout":"default_layout","footnotes":""},"categories":[4],"tags":[],"class_list":["post-505","post","type-post","status-publish","format-standard","has-post-thumbnail","hentry","category-infos-mairie"],"_links":{"self":[{"href":"https:\/\/jarnac-champagne.fr\/index.php\/wp-json\/wp\/v2\/posts\/505","targetHints":{"allow":["GET"]}}],"collection":[{"href":"https:\/\/jarnac-champagne.fr\/index.php\/wp-json\/wp\/v2\/posts"}],"about":[{"href":"https:\/\/jarnac-champagne.fr\/index.php\/wp-json\/wp\/v2\/types\/post"}],"author":[{"embeddable":true,"href":"https:\/\/jarnac-champagne.fr\/index.php\/wp-json\/wp\/v2\/users\/1"}],"replies":[{"embeddable":true,"href":"https:\/\/jarnac-champagne.fr\/index.php\/wp-json\/wp\/v2\/comments?post=505"}],"version-history":[{"count":1,"href":"https:\/\/jarnac-champagne.fr\/index.php\/wp-json\/wp\/v2\/posts\/505\/revisions"}],"predecessor-version":[{"id":509,"href":"https:\/\/jarnac-champagne.fr\/index.php\/wp-json\/wp\/v2\/posts\/505\/revisions\/509"}],"wp:featuredmedia":[{"embeddable":true,"href":"https:\/\/jarnac-champagne.fr\/index.php\/wp-json\/wp\/v2\/media\/105"}],"wp:attachment":[{"href":"https:\/\/jarnac-champagne.fr\/index.php\/wp-json\/wp\/v2\/media?parent=505"}],"wp:term":[{"taxonomy":"category","embeddable":true,"href":"https:\/\/jarnac-champagne.fr\/index.php\/wp-json\/wp\/v2\/categories?post=505"},{"taxonomy":"post_tag","embeddable":true,"href":"https:\/\/jarnac-champagne.fr\/index.php\/wp-json\/wp\/v2\/tags?post=505"}],"curies":[{"name":"wp","href":"https:\/\/api.w.org\/{rel}","templated":true}]}}