{"id":5100,"date":"2023-10-12T09:42:26","date_gmt":"2023-10-12T07:42:26","guid":{"rendered":"https:\/\/jarnac-champagne.fr\/\/\/?p=5100"},"modified":"2023-10-12T09:42:28","modified_gmt":"2023-10-12T07:42:28","slug":"travaux-assinissement","status":"publish","type":"post","link":"https:\/\/jarnac-champagne.fr\/index.php\/2023\/10\/12\/travaux-assinissement\/","title":{"rendered":"Travaux assainissement"},"content":{"rendered":"\n<p><strong><mark style=\"background-color:rgba(0, 0, 0, 0)\" class=\"has-inline-color has-pale-pink-color\">ERCTP poursuit les travaux sur la rue de la Mairie.<\/mark><\/strong><\/p>\n\n\n\n<p><mark style=\"background-color:rgba(0, 0, 0, 0)\" class=\"has-inline-color has-vivid-red-color\"><strong>A partir de lundi 16 octobre, le carrefour avec l\u2019impasse des G\u00eetes sera barr\u00e9. Il ne sera pas possible d\u2019acc\u00e9der \u00e0 l\u2019\u00e9cole depuis la rue de la Mairie, l\u2019acc\u00e8s devra se faire par la rue Croix Mainmain et la rue des Alambics.<\/strong><\/mark><\/p>\n\n\n\n<p>\ufeffDurant la semaine prochaine, le passage sera toujours possible sur la rue de la mairie en direction de Chadenac, seul ce carrefour sera bloqu\u00e9.<\/p>\n\n\n\n<p class=\"has-text-align-center\"><strong>\ud83d\udea7\u26d4<mark style=\"background-color:rgba(0, 0, 0, 0)\" class=\"has-inline-color has-vivid-red-color\">A partir du 23 octobre la rue sera totalement barr\u00e9e.<\/mark><\/strong>\ud83d\udea7\u26d4<\/p>\n\n\n\n<p class=\"has-text-align-center\"><strong>La d\u00e9viation mise en \u0153uvre est indiqu\u00e9e ci-dessous.<\/strong><\/p>\n\n\n\n<figure class=\"wp-block-image aligncenter size-full\"><img loading=\"lazy\" decoding=\"async\" width=\"945\" height=\"814\" src=\"https:\/\/jarnac-champagne.fr\/\/\/wp-content\/uploads\/2023\/10\/Capture.jpg\" alt=\"\" class=\"wp-image-5165\" srcset=\"https:\/\/jarnac-champagne.fr\/wp-content\/uploads\/2023\/10\/Capture.jpg 945w, https:\/\/jarnac-champagne.fr\/wp-content\/uploads\/2023\/10\/Capture-300x258.jpg 300w, https:\/\/jarnac-champagne.fr\/wp-content\/uploads\/2023\/10\/Capture-768x662.jpg 768w\" sizes=\"auto, (max-width: 945px) 100vw, 945px\" \/><\/figure>\n","protected":false},"excerpt":{"rendered":"<p>ERCTP poursuit les travaux sur la rue de la Mairie. A partir de lundi 16 octobre, le carrefour avec l\u2019impasse<\/p>\n","protected":false},"author":1,"featured_media":2882,"comment_status":"open","ping_status":"open","sticky":false,"template":"","format":"standard","meta":{"colormag_page_container_layout":"default_layout","colormag_page_sidebar_layout":"default_layout","footnotes":""},"categories":[4],"tags":[],"class_list":["post-5100","post","type-post","status-publish","format-standard","has-post-thumbnail","hentry","category-infos-mairie"],"_links":{"self":[{"href":"https:\/\/jarnac-champagne.fr\/index.php\/wp-json\/wp\/v2\/posts\/5100","targetHints":{"allow":["GET"]}}],"collection":[{"href":"https:\/\/jarnac-champagne.fr\/index.php\/wp-json\/wp\/v2\/posts"}],"about":[{"href":"https:\/\/jarnac-champagne.fr\/index.php\/wp-json\/wp\/v2\/types\/post"}],"author":[{"embeddable":true,"href":"https:\/\/jarnac-champagne.fr\/index.php\/wp-json\/wp\/v2\/users\/1"}],"replies":[{"embeddable":true,"href":"https:\/\/jarnac-champagne.fr\/index.php\/wp-json\/wp\/v2\/comments?post=5100"}],"version-history":[{"count":5,"href":"https:\/\/jarnac-champagne.fr\/index.php\/wp-json\/wp\/v2\/posts\/5100\/revisions"}],"predecessor-version":[{"id":5200,"href":"https:\/\/jarnac-champagne.fr\/index.php\/wp-json\/wp\/v2\/posts\/5100\/revisions\/5200"}],"wp:featuredmedia":[{"embeddable":true,"href":"https:\/\/jarnac-champagne.fr\/index.php\/wp-json\/wp\/v2\/media\/2882"}],"wp:attachment":[{"href":"https:\/\/jarnac-champagne.fr\/index.php\/wp-json\/wp\/v2\/media?parent=5100"}],"wp:term":[{"taxonomy":"category","embeddable":true,"href":"https:\/\/jarnac-champagne.fr\/index.php\/wp-json\/wp\/v2\/categories?post=5100"},{"taxonomy":"post_tag","embeddable":true,"href":"https:\/\/jarnac-champagne.fr\/index.php\/wp-json\/wp\/v2\/tags?post=5100"}],"curies":[{"name":"wp","href":"https:\/\/api.w.org\/{rel}","templated":true}]}}