{"id":5327,"date":"2023-11-14T17:43:52","date_gmt":"2023-11-14T16:43:52","guid":{"rendered":"https:\/\/jarnac-champagne.fr\/\/\/?p=5327"},"modified":"2023-11-14T17:43:54","modified_gmt":"2023-11-14T16:43:54","slug":"repas-communal","status":"publish","type":"post","link":"https:\/\/jarnac-champagne.fr\/index.php\/2023\/11\/14\/repas-communal\/","title":{"rendered":"Repas communal"},"content":{"rendered":"\n<p>Apr\u00e8s une interruption depuis 2019 pour les raisons que l&rsquo;on conna\u00eet tous, nos a\u00een\u00e9s ont enfin pu renouer avec le traditionnel repas offert aux plus de 70 ans et leurs conjoint(e)s.<\/p>\n\n\n\n<p>Un moment amical de partage, propice aux \u00e9changes autour d&rsquo;un excellent repas concoct\u00e9 par la boucherie Moreau et un d\u00e9licieux Paris Brest en provenance de la boulangerie de Chadenac.<\/p>\n\n\n\n<p>Et pour celles et ceux qui n&rsquo;ont pas pu en b\u00e9n\u00e9ficier, nous maintenons les bons d&rsquo;achat chez nos commer\u00e7ants. Vous le recevrez tr\u00e8s prochainement dans votre bo\u00eete aux lettres.<\/p>\n\n\n\n<p>Mme le Maire remercie tr\u00e8s sinc\u00e8rement l&rsquo;ensemble du Conseil Municipal, leurs conjoints, les jeunes \u00e9lus du Conseil Municipal des Enfants, les secr\u00e9taires, Katia et Nathalie, pour leur participation active.<\/p>\n\n\n\n<p>Une mention sp\u00e9ciale pour le chef Yoan, son assistante Katarina et Philippe Marc. Vos conseils avis\u00e9s sont une aide pr\u00e9cieuse pour faire de cette journ\u00e9e une r\u00e9ussite.<\/p>\n\n\n\n<figure class=\"wp-block-gallery has-nested-images columns-default is-cropped wp-block-gallery-1 is-layout-flex wp-block-gallery-is-layout-flex\">\n<figure class=\"wp-block-image size-large\"><img loading=\"lazy\" decoding=\"async\" width=\"768\" height=\"1024\" data-id=\"5332\" src=\"https:\/\/jarnac-champagne.fr\/\/\/wp-content\/uploads\/2023\/11\/Repas_11-11-23-1-768x1024.jpg\" alt=\"\" class=\"wp-image-5332\" srcset=\"https:\/\/jarnac-champagne.fr\/wp-content\/uploads\/2023\/11\/Repas_11-11-23-1-768x1024.jpg 768w, https:\/\/jarnac-champagne.fr\/wp-content\/uploads\/2023\/11\/Repas_11-11-23-1-225x300.jpg 225w, https:\/\/jarnac-champagne.fr\/wp-content\/uploads\/2023\/11\/Repas_11-11-23-1-1152x1536.jpg 1152w, https:\/\/jarnac-champagne.fr\/wp-content\/uploads\/2023\/11\/Repas_11-11-23-1.jpg 1200w\" sizes=\"auto, (max-width: 768px) 100vw, 768px\" \/><\/figure>\n\n\n\n<figure class=\"wp-block-image size-large\"><img loading=\"lazy\" decoding=\"async\" width=\"1024\" height=\"945\" data-id=\"5331\" src=\"https:\/\/jarnac-champagne.fr\/\/\/wp-content\/uploads\/2023\/11\/Repas_11-11-23-2.jpg\" alt=\"\" class=\"wp-image-5331\" srcset=\"https:\/\/jarnac-champagne.fr\/wp-content\/uploads\/2023\/11\/Repas_11-11-23-2.jpg 1024w, https:\/\/jarnac-champagne.fr\/wp-content\/uploads\/2023\/11\/Repas_11-11-23-2-300x277.jpg 300w, https:\/\/jarnac-champagne.fr\/wp-content\/uploads\/2023\/11\/Repas_11-11-23-2-768x709.jpg 768w\" sizes=\"auto, (max-width: 1024px) 100vw, 1024px\" \/><\/figure>\n\n\n\n<figure class=\"wp-block-image size-large\"><img loading=\"lazy\" decoding=\"async\" width=\"1024\" height=\"768\" data-id=\"5336\" src=\"https:\/\/jarnac-champagne.fr\/\/\/wp-content\/uploads\/2023\/11\/Repas_11-11-23-3.jpg\" alt=\"\" class=\"wp-image-5336\" srcset=\"https:\/\/jarnac-champagne.fr\/wp-content\/uploads\/2023\/11\/Repas_11-11-23-3.jpg 1024w, https:\/\/jarnac-champagne.fr\/wp-content\/uploads\/2023\/11\/Repas_11-11-23-3-300x225.jpg 300w, https:\/\/jarnac-champagne.fr\/wp-content\/uploads\/2023\/11\/Repas_11-11-23-3-768x576.jpg 768w\" sizes=\"auto, (max-width: 1024px) 100vw, 1024px\" \/><\/figure>\n\n\n\n<figure class=\"wp-block-image size-large\"><img loading=\"lazy\" decoding=\"async\" width=\"671\" height=\"1024\" data-id=\"5334\" src=\"https:\/\/jarnac-champagne.fr\/\/\/wp-content\/uploads\/2023\/11\/Repas_11-11-23-4.jpg\" alt=\"\" class=\"wp-image-5334\" srcset=\"https:\/\/jarnac-champagne.fr\/wp-content\/uploads\/2023\/11\/Repas_11-11-23-4.jpg 671w, https:\/\/jarnac-champagne.fr\/wp-content\/uploads\/2023\/11\/Repas_11-11-23-4-197x300.jpg 197w\" sizes=\"auto, (max-width: 671px) 100vw, 671px\" \/><\/figure>\n\n\n\n<figure class=\"wp-block-image size-large\"><img loading=\"lazy\" decoding=\"async\" width=\"1024\" height=\"768\" data-id=\"5335\" src=\"https:\/\/jarnac-champagne.fr\/\/\/wp-content\/uploads\/2023\/11\/Repas_11-11-23-6-1024x768.jpg\" alt=\"\" class=\"wp-image-5335\" srcset=\"https:\/\/jarnac-champagne.fr\/wp-content\/uploads\/2023\/11\/Repas_11-11-23-6-1024x768.jpg 1024w, https:\/\/jarnac-champagne.fr\/wp-content\/uploads\/2023\/11\/Repas_11-11-23-6-300x225.jpg 300w, https:\/\/jarnac-champagne.fr\/wp-content\/uploads\/2023\/11\/Repas_11-11-23-6-768x576.jpg 768w, https:\/\/jarnac-champagne.fr\/wp-content\/uploads\/2023\/11\/Repas_11-11-23-6-1536x1152.jpg 1536w, https:\/\/jarnac-champagne.fr\/wp-content\/uploads\/2023\/11\/Repas_11-11-23-6-1320x990.jpg 1320w, https:\/\/jarnac-champagne.fr\/wp-content\/uploads\/2023\/11\/Repas_11-11-23-6.jpg 1600w\" sizes=\"auto, (max-width: 1024px) 100vw, 1024px\" \/><\/figure>\n\n\n\n<figure class=\"wp-block-image size-large\"><img loading=\"lazy\" decoding=\"async\" width=\"768\" height=\"1024\" data-id=\"5337\" src=\"https:\/\/jarnac-champagne.fr\/\/\/wp-content\/uploads\/2023\/11\/Repas_11-11-23-7-768x1024.jpg\" alt=\"\" class=\"wp-image-5337\" srcset=\"https:\/\/jarnac-champagne.fr\/wp-content\/uploads\/2023\/11\/Repas_11-11-23-7-768x1024.jpg 768w, https:\/\/jarnac-champagne.fr\/wp-content\/uploads\/2023\/11\/Repas_11-11-23-7-225x300.jpg 225w, https:\/\/jarnac-champagne.fr\/wp-content\/uploads\/2023\/11\/Repas_11-11-23-7-1152x1536.jpg 1152w, https:\/\/jarnac-champagne.fr\/wp-content\/uploads\/2023\/11\/Repas_11-11-23-7.jpg 1200w\" sizes=\"auto, (max-width: 768px) 100vw, 768px\" \/><\/figure>\n\n\n\n<figure class=\"wp-block-image size-large\"><img loading=\"lazy\" decoding=\"async\" width=\"1024\" height=\"533\" data-id=\"5333\" src=\"https:\/\/jarnac-champagne.fr\/\/\/wp-content\/uploads\/2023\/11\/Repas_11-11-23-5.jpg\" alt=\"\" class=\"wp-image-5333\" srcset=\"https:\/\/jarnac-champagne.fr\/wp-content\/uploads\/2023\/11\/Repas_11-11-23-5.jpg 1024w, https:\/\/jarnac-champagne.fr\/wp-content\/uploads\/2023\/11\/Repas_11-11-23-5-300x156.jpg 300w, https:\/\/jarnac-champagne.fr\/wp-content\/uploads\/2023\/11\/Repas_11-11-23-5-768x400.jpg 768w\" sizes=\"auto, (max-width: 1024px) 100vw, 1024px\" \/><\/figure>\n<\/figure>\n","protected":false},"excerpt":{"rendered":"<p>Apr\u00e8s une interruption depuis 2019 pour les raisons que l&rsquo;on conna\u00eet tous, nos a\u00een\u00e9s ont enfin pu renouer avec le<\/p>\n","protected":false},"author":1,"featured_media":105,"comment_status":"open","ping_status":"open","sticky":false,"template":"","format":"standard","meta":{"colormag_page_container_layout":"default_layout","colormag_page_sidebar_layout":"default_layout","footnotes":""},"categories":[4],"tags":[],"class_list":["post-5327","post","type-post","status-publish","format-standard","has-post-thumbnail","hentry","category-infos-mairie"],"_links":{"self":[{"href":"https:\/\/jarnac-champagne.fr\/index.php\/wp-json\/wp\/v2\/posts\/5327","targetHints":{"allow":["GET"]}}],"collection":[{"href":"https:\/\/jarnac-champagne.fr\/index.php\/wp-json\/wp\/v2\/posts"}],"about":[{"href":"https:\/\/jarnac-champagne.fr\/index.php\/wp-json\/wp\/v2\/types\/post"}],"author":[{"embeddable":true,"href":"https:\/\/jarnac-champagne.fr\/index.php\/wp-json\/wp\/v2\/users\/1"}],"replies":[{"embeddable":true,"href":"https:\/\/jarnac-champagne.fr\/index.php\/wp-json\/wp\/v2\/comments?post=5327"}],"version-history":[{"count":4,"href":"https:\/\/jarnac-champagne.fr\/index.php\/wp-json\/wp\/v2\/posts\/5327\/revisions"}],"predecessor-version":[{"id":5338,"href":"https:\/\/jarnac-champagne.fr\/index.php\/wp-json\/wp\/v2\/posts\/5327\/revisions\/5338"}],"wp:featuredmedia":[{"embeddable":true,"href":"https:\/\/jarnac-champagne.fr\/index.php\/wp-json\/wp\/v2\/media\/105"}],"wp:attachment":[{"href":"https:\/\/jarnac-champagne.fr\/index.php\/wp-json\/wp\/v2\/media?parent=5327"}],"wp:term":[{"taxonomy":"category","embeddable":true,"href":"https:\/\/jarnac-champagne.fr\/index.php\/wp-json\/wp\/v2\/categories?post=5327"},{"taxonomy":"post_tag","embeddable":true,"href":"https:\/\/jarnac-champagne.fr\/index.php\/wp-json\/wp\/v2\/tags?post=5327"}],"curies":[{"name":"wp","href":"https:\/\/api.w.org\/{rel}","templated":true}]}}