{"id":535,"date":"2020-06-08T20:31:24","date_gmt":"2020-06-08T18:31:24","guid":{"rendered":"https:\/\/jarnac-champagne.fr\/\/\/?p=535"},"modified":"2020-06-08T20:40:52","modified_gmt":"2020-06-08T18:40:52","slug":"association-atel-atelier-travail-environnement-local","status":"publish","type":"post","link":"https:\/\/jarnac-champagne.fr\/index.php\/2020\/06\/08\/association-atel-atelier-travail-environnement-local\/","title":{"rendered":"Association ATEL (atelier travail environnement local)"},"content":{"rendered":"\n<p><em>Haute-Saintonge &#8211; Mai 2020<\/em><\/p>\n\n\n\n<figure class=\"wp-block-image size-large\"><img loading=\"lazy\" decoding=\"async\" width=\"938\" height=\"1024\" src=\"https:\/\/jarnac-champagne.fr\/\/\/wp-content\/uploads\/2020\/06\/ATEL-938x1024.jpeg\" alt=\"\" class=\"wp-image-536\" srcset=\"https:\/\/jarnac-champagne.fr\/wp-content\/uploads\/2020\/06\/ATEL-938x1024.jpeg 938w, https:\/\/jarnac-champagne.fr\/wp-content\/uploads\/2020\/06\/ATEL-275x300.jpeg 275w, https:\/\/jarnac-champagne.fr\/wp-content\/uploads\/2020\/06\/ATEL-768x838.jpeg 768w, https:\/\/jarnac-champagne.fr\/wp-content\/uploads\/2020\/06\/ATEL.jpeg 1182w\" sizes=\"auto, (max-width: 938px) 100vw, 938px\" \/><\/figure>\n\n\n\n<p>ATEL et ses salari\u00e9s interviendront tr\u00e8s prochainement pour poursuivre le d\u00e9sherbage manuel du bourg.<\/p>\n","protected":false},"excerpt":{"rendered":"<p>Haute-Saintonge &#8211; Mai 2020 ATEL et ses salari\u00e9s interviendront tr\u00e8s prochainement pour poursuivre le d\u00e9sherbage manuel du bourg.<\/p>\n","protected":false},"author":1,"featured_media":348,"comment_status":"open","ping_status":"open","sticky":false,"template":"","format":"standard","meta":{"colormag_page_container_layout":"default_layout","colormag_page_sidebar_layout":"default_layout","footnotes":""},"categories":[8],"tags":[],"class_list":["post-535","post","type-post","status-publish","format-standard","has-post-thumbnail","hentry","category-presse"],"_links":{"self":[{"href":"https:\/\/jarnac-champagne.fr\/index.php\/wp-json\/wp\/v2\/posts\/535","targetHints":{"allow":["GET"]}}],"collection":[{"href":"https:\/\/jarnac-champagne.fr\/index.php\/wp-json\/wp\/v2\/posts"}],"about":[{"href":"https:\/\/jarnac-champagne.fr\/index.php\/wp-json\/wp\/v2\/types\/post"}],"author":[{"embeddable":true,"href":"https:\/\/jarnac-champagne.fr\/index.php\/wp-json\/wp\/v2\/users\/1"}],"replies":[{"embeddable":true,"href":"https:\/\/jarnac-champagne.fr\/index.php\/wp-json\/wp\/v2\/comments?post=535"}],"version-history":[{"count":2,"href":"https:\/\/jarnac-champagne.fr\/index.php\/wp-json\/wp\/v2\/posts\/535\/revisions"}],"predecessor-version":[{"id":540,"href":"https:\/\/jarnac-champagne.fr\/index.php\/wp-json\/wp\/v2\/posts\/535\/revisions\/540"}],"wp:featuredmedia":[{"embeddable":true,"href":"https:\/\/jarnac-champagne.fr\/index.php\/wp-json\/wp\/v2\/media\/348"}],"wp:attachment":[{"href":"https:\/\/jarnac-champagne.fr\/index.php\/wp-json\/wp\/v2\/media?parent=535"}],"wp:term":[{"taxonomy":"category","embeddable":true,"href":"https:\/\/jarnac-champagne.fr\/index.php\/wp-json\/wp\/v2\/categories?post=535"},{"taxonomy":"post_tag","embeddable":true,"href":"https:\/\/jarnac-champagne.fr\/index.php\/wp-json\/wp\/v2\/tags?post=535"}],"curies":[{"name":"wp","href":"https:\/\/api.w.org\/{rel}","templated":true}]}}