{"id":541,"date":"2020-06-08T20:45:31","date_gmt":"2020-06-08T18:45:31","guid":{"rendered":"https:\/\/jarnac-champagne.fr\/\/\/?p=541"},"modified":"2020-06-08T20:45:32","modified_gmt":"2020-06-08T18:45:32","slug":"election-du-maire-et-des-adjoints","status":"publish","type":"post","link":"https:\/\/jarnac-champagne.fr\/index.php\/2020\/06\/08\/election-du-maire-et-des-adjoints\/","title":{"rendered":"Election du maire et des adjoints"},"content":{"rendered":"\n<p><em>Haute-Saintonge &#8211; 05-06-20<\/em><\/p>\n\n\n\n<p>Voici un r\u00e9sum\u00e9 de cette premi\u00e8re r\u00e9union de votre nouveau conseil municipal. Vous savez tout&#8230; Bonne lecture !<\/p>\n\n\n\n<div class=\"wp-block-image\"><figure class=\"aligncenter size-large\"><img loading=\"lazy\" decoding=\"async\" width=\"941\" height=\"1024\" src=\"https:\/\/jarnac-champagne.fr\/\/\/wp-content\/uploads\/2020\/06\/Election_Maire_Adjts-941x1024.jpeg\" alt=\"\" class=\"wp-image-542\" srcset=\"https:\/\/jarnac-champagne.fr\/wp-content\/uploads\/2020\/06\/Election_Maire_Adjts-941x1024.jpeg 941w, https:\/\/jarnac-champagne.fr\/wp-content\/uploads\/2020\/06\/Election_Maire_Adjts-276x300.jpeg 276w, https:\/\/jarnac-champagne.fr\/wp-content\/uploads\/2020\/06\/Election_Maire_Adjts-768x836.jpeg 768w, https:\/\/jarnac-champagne.fr\/wp-content\/uploads\/2020\/06\/Election_Maire_Adjts.jpeg 1194w\" sizes=\"auto, (max-width: 941px) 100vw, 941px\" \/><\/figure><\/div>\n","protected":false},"excerpt":{"rendered":"<p>Haute-Saintonge &#8211; 05-06-20 Voici un r\u00e9sum\u00e9 de cette premi\u00e8re r\u00e9union de votre nouveau conseil municipal. Vous savez tout&#8230; Bonne lecture<\/p>\n","protected":false},"author":1,"featured_media":348,"comment_status":"open","ping_status":"open","sticky":false,"template":"","format":"standard","meta":{"colormag_page_container_layout":"default_layout","colormag_page_sidebar_layout":"default_layout","footnotes":""},"categories":[8],"tags":[],"class_list":["post-541","post","type-post","status-publish","format-standard","has-post-thumbnail","hentry","category-presse"],"_links":{"self":[{"href":"https:\/\/jarnac-champagne.fr\/index.php\/wp-json\/wp\/v2\/posts\/541","targetHints":{"allow":["GET"]}}],"collection":[{"href":"https:\/\/jarnac-champagne.fr\/index.php\/wp-json\/wp\/v2\/posts"}],"about":[{"href":"https:\/\/jarnac-champagne.fr\/index.php\/wp-json\/wp\/v2\/types\/post"}],"author":[{"embeddable":true,"href":"https:\/\/jarnac-champagne.fr\/index.php\/wp-json\/wp\/v2\/users\/1"}],"replies":[{"embeddable":true,"href":"https:\/\/jarnac-champagne.fr\/index.php\/wp-json\/wp\/v2\/comments?post=541"}],"version-history":[{"count":1,"href":"https:\/\/jarnac-champagne.fr\/index.php\/wp-json\/wp\/v2\/posts\/541\/revisions"}],"predecessor-version":[{"id":543,"href":"https:\/\/jarnac-champagne.fr\/index.php\/wp-json\/wp\/v2\/posts\/541\/revisions\/543"}],"wp:featuredmedia":[{"embeddable":true,"href":"https:\/\/jarnac-champagne.fr\/index.php\/wp-json\/wp\/v2\/media\/348"}],"wp:attachment":[{"href":"https:\/\/jarnac-champagne.fr\/index.php\/wp-json\/wp\/v2\/media?parent=541"}],"wp:term":[{"taxonomy":"category","embeddable":true,"href":"https:\/\/jarnac-champagne.fr\/index.php\/wp-json\/wp\/v2\/categories?post=541"},{"taxonomy":"post_tag","embeddable":true,"href":"https:\/\/jarnac-champagne.fr\/index.php\/wp-json\/wp\/v2\/tags?post=541"}],"curies":[{"name":"wp","href":"https:\/\/api.w.org\/{rel}","templated":true}]}}