{"id":5418,"date":"2023-12-26T16:17:10","date_gmt":"2023-12-26T15:17:10","guid":{"rendered":"https:\/\/jarnac-champagne.fr\/?p=5418"},"modified":"2023-12-26T16:17:13","modified_gmt":"2023-12-26T15:17:13","slug":"heure-civique","status":"publish","type":"post","link":"https:\/\/jarnac-champagne.fr\/index.php\/2023\/12\/26\/heure-civique\/","title":{"rendered":"Heure civique"},"content":{"rendered":"\n<p>Lors du march\u00e9 de No\u00ebl organis\u00e9 par le centre de loisirs \u00ab\u00a0Jarnac Plan\u00e8te\u00a0\u00bb, les <strong>volontaires de l&rsquo;heure civique <\/strong>ont \u0153uvr\u00e9 toute la journ\u00e9e dans la joie et la bonne humeur.<\/p>\n\n\n\n<p>Bien \u00e9videmment, c&rsquo;est une satisfaction de constater une entraide et de la solidarit\u00e9 entre tous. Nous les remercions chaleureusement et les f\u00e9licitons.<\/p>\n\n\n\n<p>Nous vous rappelons que ce dispositif a le m\u00e9rite d&rsquo;exister et ne demande qu&rsquo;\u00e0 vivre. <\/p>\n\n\n\n<p><strong><mark style=\"background-color:rgba(0, 0, 0, 0)\" class=\"has-inline-color has-luminous-vivid-orange-color\">Associations, vous manquez de b\u00e9n\u00e9voles pour l&rsquo;organisation d&rsquo;une manifestation. Particuliers, vous avez besoin d&rsquo;une aide ponctuelle (courses, RV&#8230;). Pensez-y !<\/mark><\/strong><\/p>\n\n\n\n<p><strong><mark style=\"background-color:rgba(0, 0, 0, 0)\" class=\"has-inline-color has-vivid-green-cyan-color\">Et si vous souhaitez donner un peu de votre temps, c&rsquo;est possible !<\/mark><\/strong><\/p>\n\n\n\n<p>Nous nous ferons un plaisir de vous mettre en relation avec nos volontaires.<\/p>\n\n\n\n<figure class=\"wp-block-gallery has-nested-images columns-default is-cropped wp-block-gallery-1 is-layout-flex wp-block-gallery-is-layout-flex\">\n<figure class=\"wp-block-image size-large\"><img loading=\"lazy\" decoding=\"async\" width=\"1024\" height=\"1024\" data-id=\"5420\" src=\"https:\/\/jarnac-champagne.fr\/wp-content\/uploads\/2023\/12\/HC-1-1024x1024.jpeg\" alt=\"\" class=\"wp-image-5420\" srcset=\"https:\/\/jarnac-champagne.fr\/wp-content\/uploads\/2023\/12\/HC-1-1024x1024.jpeg 1024w, https:\/\/jarnac-champagne.fr\/wp-content\/uploads\/2023\/12\/HC-1-300x300.jpeg 300w, https:\/\/jarnac-champagne.fr\/wp-content\/uploads\/2023\/12\/HC-1-150x150.jpeg 150w, https:\/\/jarnac-champagne.fr\/wp-content\/uploads\/2023\/12\/HC-1-768x768.jpeg 768w, https:\/\/jarnac-champagne.fr\/wp-content\/uploads\/2023\/12\/HC-1-1536x1536.jpeg 1536w, https:\/\/jarnac-champagne.fr\/wp-content\/uploads\/2023\/12\/HC-1-1320x1320.jpeg 1320w, https:\/\/jarnac-champagne.fr\/wp-content\/uploads\/2023\/12\/HC-1.jpeg 2048w\" sizes=\"auto, (max-width: 1024px) 100vw, 1024px\" \/><\/figure>\n\n\n\n<figure class=\"wp-block-image size-large\"><img loading=\"lazy\" decoding=\"async\" width=\"768\" height=\"1024\" data-id=\"5419\" src=\"https:\/\/jarnac-champagne.fr\/wp-content\/uploads\/2023\/12\/HC-2-768x1024.jpeg\" alt=\"\" class=\"wp-image-5419\" srcset=\"https:\/\/jarnac-champagne.fr\/wp-content\/uploads\/2023\/12\/HC-2-768x1024.jpeg 768w, https:\/\/jarnac-champagne.fr\/wp-content\/uploads\/2023\/12\/HC-2-225x300.jpeg 225w, https:\/\/jarnac-champagne.fr\/wp-content\/uploads\/2023\/12\/HC-2-1152x1536.jpeg 1152w, https:\/\/jarnac-champagne.fr\/wp-content\/uploads\/2023\/12\/HC-2-1320x1760.jpeg 1320w, https:\/\/jarnac-champagne.fr\/wp-content\/uploads\/2023\/12\/HC-2.jpeg 1368w\" sizes=\"auto, (max-width: 768px) 100vw, 768px\" \/><\/figure>\n\n\n\n<figure class=\"wp-block-image size-large\"><img loading=\"lazy\" decoding=\"async\" width=\"1024\" height=\"1024\" data-id=\"5421\" src=\"https:\/\/jarnac-champagne.fr\/wp-content\/uploads\/2023\/12\/HC-3-1024x1024.jpeg\" alt=\"\" class=\"wp-image-5421\" srcset=\"https:\/\/jarnac-champagne.fr\/wp-content\/uploads\/2023\/12\/HC-3-1024x1024.jpeg 1024w, https:\/\/jarnac-champagne.fr\/wp-content\/uploads\/2023\/12\/HC-3-300x300.jpeg 300w, https:\/\/jarnac-champagne.fr\/wp-content\/uploads\/2023\/12\/HC-3-150x150.jpeg 150w, https:\/\/jarnac-champagne.fr\/wp-content\/uploads\/2023\/12\/HC-3-768x768.jpeg 768w, https:\/\/jarnac-champagne.fr\/wp-content\/uploads\/2023\/12\/HC-3-1536x1536.jpeg 1536w, https:\/\/jarnac-champagne.fr\/wp-content\/uploads\/2023\/12\/HC-3-1320x1320.jpeg 1320w, https:\/\/jarnac-champagne.fr\/wp-content\/uploads\/2023\/12\/HC-3.jpeg 2048w\" sizes=\"auto, (max-width: 1024px) 100vw, 1024px\" \/><\/figure>\n<\/figure>\n\n\n<a href=\"https:\/\/jarnac-champagne.fr\/\/\/wp-content\/uploads\/2023\/12\/Tract-HC-Jarnac-besoins.pdf\" class=\"pdfemb-viewer\" style=\"\" data-width=\"max\" data-height=\"max\" data-toolbar=\"bottom\" data-toolbar-fixed=\"off\">Tract-HC-Jarnac-besoins<\/a>\n<p class=\"wp-block-pdfemb-pdf-embedder-viewer\"><\/p>\n\n\n<a href=\"https:\/\/jarnac-champagne.fr\/\/\/wp-content\/uploads\/2023\/12\/Tract-HC-Jarnac-double-entree-1.pdf\" class=\"pdfemb-viewer\" style=\"\" data-width=\"max\" data-height=\"max\" data-toolbar=\"bottom\" data-toolbar-fixed=\"off\">Tract-HC-Jarnac-double-entree-1<\/a>\n<p class=\"wp-block-pdfemb-pdf-embedder-viewer\"><\/p>\n\n\n<a href=\"https:\/\/jarnac-champagne.fr\/\/\/wp-content\/uploads\/2023\/12\/Tract-HC-Jarnac-double-entree-2.pdf\" class=\"pdfemb-viewer\" style=\"\" data-width=\"max\" data-height=\"max\" data-toolbar=\"bottom\" data-toolbar-fixed=\"off\">Tract-HC-Jarnac-double-entree-2<\/a>\n<p class=\"wp-block-pdfemb-pdf-embedder-viewer\"><\/p>\n","protected":false},"excerpt":{"rendered":"<p>Lors du march\u00e9 de No\u00ebl organis\u00e9 par le centre de loisirs \u00ab\u00a0Jarnac Plan\u00e8te\u00a0\u00bb, les volontaires de l&rsquo;heure civique ont \u0153uvr\u00e9<\/p>\n","protected":false},"author":1,"featured_media":105,"comment_status":"open","ping_status":"open","sticky":false,"template":"","format":"standard","meta":{"colormag_page_container_layout":"default_layout","colormag_page_sidebar_layout":"default_layout","footnotes":""},"categories":[4],"tags":[],"class_list":["post-5418","post","type-post","status-publish","format-standard","has-post-thumbnail","hentry","category-infos-mairie"],"_links":{"self":[{"href":"https:\/\/jarnac-champagne.fr\/index.php\/wp-json\/wp\/v2\/posts\/5418","targetHints":{"allow":["GET"]}}],"collection":[{"href":"https:\/\/jarnac-champagne.fr\/index.php\/wp-json\/wp\/v2\/posts"}],"about":[{"href":"https:\/\/jarnac-champagne.fr\/index.php\/wp-json\/wp\/v2\/types\/post"}],"author":[{"embeddable":true,"href":"https:\/\/jarnac-champagne.fr\/index.php\/wp-json\/wp\/v2\/users\/1"}],"replies":[{"embeddable":true,"href":"https:\/\/jarnac-champagne.fr\/index.php\/wp-json\/wp\/v2\/comments?post=5418"}],"version-history":[{"count":1,"href":"https:\/\/jarnac-champagne.fr\/index.php\/wp-json\/wp\/v2\/posts\/5418\/revisions"}],"predecessor-version":[{"id":5425,"href":"https:\/\/jarnac-champagne.fr\/index.php\/wp-json\/wp\/v2\/posts\/5418\/revisions\/5425"}],"wp:featuredmedia":[{"embeddable":true,"href":"https:\/\/jarnac-champagne.fr\/index.php\/wp-json\/wp\/v2\/media\/105"}],"wp:attachment":[{"href":"https:\/\/jarnac-champagne.fr\/index.php\/wp-json\/wp\/v2\/media?parent=5418"}],"wp:term":[{"taxonomy":"category","embeddable":true,"href":"https:\/\/jarnac-champagne.fr\/index.php\/wp-json\/wp\/v2\/categories?post=5418"},{"taxonomy":"post_tag","embeddable":true,"href":"https:\/\/jarnac-champagne.fr\/index.php\/wp-json\/wp\/v2\/tags?post=5418"}],"curies":[{"name":"wp","href":"https:\/\/api.w.org\/{rel}","templated":true}]}}