{"id":5427,"date":"2023-12-26T16:32:28","date_gmt":"2023-12-26T15:32:28","guid":{"rendered":"https:\/\/jarnac-champagne.fr\/?p=5427"},"modified":"2023-12-26T16:32:30","modified_gmt":"2023-12-26T15:32:30","slug":"le-pere-noel-a-lecole","status":"publish","type":"post","link":"https:\/\/jarnac-champagne.fr\/index.php\/2023\/12\/26\/le-pere-noel-a-lecole\/","title":{"rendered":"Le P\u00e8re No\u00ebl \u00e0 l&rsquo;\u00e9cole"},"content":{"rendered":"\n<p>Cette ann\u00e9e encore, nos petits \u00e9l\u00e8ves ont eu de la chance, le P\u00e8re No\u00ebl est pass\u00e9 \u00e0 l&rsquo;\u00e9cole maternelle pour les enfants de Jarnac, Celles et Lonzac.<\/p>\n\n\n\n<p>Les sourires \u00e9taient sur les l\u00e8vres et les yeux bien \u00e9merveill\u00e9s. Malgr\u00e9 son emploi du temps tr\u00e8s charg\u00e9, le P\u00e8re No\u00ebl a pris le temps d&rsquo;un c\u00e2lin avec chaque enfant avant la distribution de quelques chocolats.<\/p>\n\n\n\n<p>La journ\u00e9e s&rsquo;est poursuivie avec un d\u00e9licieux repas de No\u00ebl pr\u00e9par\u00e9 par le chef Yoan et toute son \u00e9quipe. Beaucoup de travail pour un menu enti\u00e8rement \u00ab\u00a0fait maison\u00a0\u00bb, pour les agents, mais la satisfaction de r\u00e9galer petits et grands.<\/p>\n\n\n\n<p>Merci \u00e0 tous et bonnes vacances bien m\u00e9rit\u00e9es ! <\/p>\n\n\n\n<figure class=\"wp-block-gallery has-nested-images columns-default is-cropped wp-block-gallery-1 is-layout-flex wp-block-gallery-is-layout-flex\">\n<figure class=\"wp-block-image size-large\"><img decoding=\"async\" data-id=\"5433\" src=\"https:\/\/jarnac-champagne.fr\/wp-content\/uploads\/2023\/12\/Noel_Ecole_2023-2-scaled.jpg\" alt=\"\" class=\"wp-image-5433\"\/><\/figure>\n\n\n\n<figure class=\"wp-block-image size-large\"><img loading=\"lazy\" decoding=\"async\" width=\"1920\" height=\"2560\" data-id=\"5431\" src=\"https:\/\/jarnac-champagne.fr\/wp-content\/uploads\/2023\/12\/Noel_Ecole_2023-4-scaled.jpg\" alt=\"\" class=\"wp-image-5431\"\/><\/figure>\n\n\n\n<figure class=\"wp-block-image size-large\"><img loading=\"lazy\" decoding=\"async\" width=\"768\" height=\"1024\" data-id=\"5434\" src=\"https:\/\/jarnac-champagne.fr\/wp-content\/uploads\/2023\/12\/Noel_Ecole_2023-3-1-768x1024.jpg\" alt=\"\" class=\"wp-image-5434\" srcset=\"https:\/\/jarnac-champagne.fr\/wp-content\/uploads\/2023\/12\/Noel_Ecole_2023-3-1-768x1024.jpg 768w, https:\/\/jarnac-champagne.fr\/wp-content\/uploads\/2023\/12\/Noel_Ecole_2023-3-1-225x300.jpg 225w, https:\/\/jarnac-champagne.fr\/wp-content\/uploads\/2023\/12\/Noel_Ecole_2023-3-1-1152x1536.jpg 1152w, https:\/\/jarnac-champagne.fr\/wp-content\/uploads\/2023\/12\/Noel_Ecole_2023-3-1-1536x2048.jpg 1536w, https:\/\/jarnac-champagne.fr\/wp-content\/uploads\/2023\/12\/Noel_Ecole_2023-3-1-1320x1760.jpg 1320w, https:\/\/jarnac-champagne.fr\/wp-content\/uploads\/2023\/12\/Noel_Ecole_2023-3-1-scaled.jpg 1920w\" sizes=\"auto, (max-width: 768px) 100vw, 768px\" \/><\/figure>\n\n\n\n<figure class=\"wp-block-image size-large\"><img loading=\"lazy\" decoding=\"async\" width=\"2560\" height=\"1920\" data-id=\"5432\" src=\"https:\/\/jarnac-champagne.fr\/wp-content\/uploads\/2023\/12\/Noel_Ecole_2023-1-scaled.jpg\" alt=\"\" class=\"wp-image-5432\" srcset=\"https:\/\/jarnac-champagne.fr\/wp-content\/uploads\/2023\/12\/Noel_Ecole_2023-1-scaled.jpg 2560w, https:\/\/jarnac-champagne.fr\/wp-content\/uploads\/2023\/12\/Noel_Ecole_2023-1-300x225.jpg 300w\" sizes=\"auto, (max-width: 2560px) 100vw, 2560px\" \/><figcaption class=\"wp-element-caption\">Volaille sauce aux c\u00e8pes\/Frites<\/figcaption><\/figure>\n\n\n\n<figure class=\"wp-block-image size-large\"><img loading=\"lazy\" decoding=\"async\" width=\"1920\" height=\"2560\" data-id=\"5430\" src=\"https:\/\/jarnac-champagne.fr\/wp-content\/uploads\/2023\/12\/Noel_Ecole_2023-6-scaled.jpg\" alt=\"\" class=\"wp-image-5430\"\/><figcaption class=\"wp-element-caption\">Verrine avocat\/ fromage frais \u00e0 la ciboulette\/crevettes et toast de mousse de canard<\/figcaption><\/figure>\n\n\n\n<figure class=\"wp-block-image size-large\"><img loading=\"lazy\" decoding=\"async\" width=\"1920\" height=\"2560\" data-id=\"5429\" src=\"https:\/\/jarnac-champagne.fr\/wp-content\/uploads\/2023\/12\/Noel_Ecole_2023-5-scaled.jpg\" alt=\"\" class=\"wp-image-5429\" srcset=\"https:\/\/jarnac-champagne.fr\/wp-content\/uploads\/2023\/12\/Noel_Ecole_2023-5-scaled.jpg 1920w, https:\/\/jarnac-champagne.fr\/wp-content\/uploads\/2023\/12\/Noel_Ecole_2023-5-225x300.jpg 225w\" sizes=\"auto, (max-width: 1920px) 100vw, 1920px\" \/><figcaption class=\"wp-element-caption\">Paris Brest Maison<\/figcaption><\/figure>\n<\/figure>\n","protected":false},"excerpt":{"rendered":"<p>Cette ann\u00e9e encore, nos petits \u00e9l\u00e8ves ont eu de la chance, le P\u00e8re No\u00ebl est pass\u00e9 \u00e0 l&rsquo;\u00e9cole maternelle pour<\/p>\n","protected":false},"author":1,"featured_media":103,"comment_status":"open","ping_status":"open","sticky":false,"template":"","format":"standard","meta":{"colormag_page_container_layout":"default_layout","colormag_page_sidebar_layout":"default_layout","footnotes":""},"categories":[5],"tags":[],"class_list":["post-5427","post","type-post","status-publish","format-standard","has-post-thumbnail","hentry","category-infos-ecole"],"_links":{"self":[{"href":"https:\/\/jarnac-champagne.fr\/index.php\/wp-json\/wp\/v2\/posts\/5427","targetHints":{"allow":["GET"]}}],"collection":[{"href":"https:\/\/jarnac-champagne.fr\/index.php\/wp-json\/wp\/v2\/posts"}],"about":[{"href":"https:\/\/jarnac-champagne.fr\/index.php\/wp-json\/wp\/v2\/types\/post"}],"author":[{"embeddable":true,"href":"https:\/\/jarnac-champagne.fr\/index.php\/wp-json\/wp\/v2\/users\/1"}],"replies":[{"embeddable":true,"href":"https:\/\/jarnac-champagne.fr\/index.php\/wp-json\/wp\/v2\/comments?post=5427"}],"version-history":[{"count":1,"href":"https:\/\/jarnac-champagne.fr\/index.php\/wp-json\/wp\/v2\/posts\/5427\/revisions"}],"predecessor-version":[{"id":5440,"href":"https:\/\/jarnac-champagne.fr\/index.php\/wp-json\/wp\/v2\/posts\/5427\/revisions\/5440"}],"wp:featuredmedia":[{"embeddable":true,"href":"https:\/\/jarnac-champagne.fr\/index.php\/wp-json\/wp\/v2\/media\/103"}],"wp:attachment":[{"href":"https:\/\/jarnac-champagne.fr\/index.php\/wp-json\/wp\/v2\/media?parent=5427"}],"wp:term":[{"taxonomy":"category","embeddable":true,"href":"https:\/\/jarnac-champagne.fr\/index.php\/wp-json\/wp\/v2\/categories?post=5427"},{"taxonomy":"post_tag","embeddable":true,"href":"https:\/\/jarnac-champagne.fr\/index.php\/wp-json\/wp\/v2\/tags?post=5427"}],"curies":[{"name":"wp","href":"https:\/\/api.w.org\/{rel}","templated":true}]}}