{"id":5476,"date":"2024-01-15T19:56:05","date_gmt":"2024-01-15T18:56:05","guid":{"rendered":"https:\/\/jarnac-champagne.fr\/\/\/?p=5476"},"modified":"2024-01-15T19:56:07","modified_gmt":"2024-01-15T18:56:07","slug":"soiree-savoyarde","status":"publish","type":"post","link":"https:\/\/jarnac-champagne.fr\/index.php\/2024\/01\/15\/soiree-savoyarde\/","title":{"rendered":"Soir\u00e9e savoyarde"},"content":{"rendered":"\n<p><img loading=\"lazy\" decoding=\"async\" height=\"16\" width=\"16\" src=\"https:\/\/static.xx.fbcdn.net\/images\/emoji.php\/v9\/t97\/1.5\/16\/1f9c0.png\" alt=\"\ud83e\uddc0\"><img loading=\"lazy\" decoding=\"async\" height=\"16\" width=\"16\" src=\"https:\/\/static.xx.fbcdn.net\/images\/emoji.php\/v9\/t9\/1.5\/16\/1f954.png\" alt=\"\ud83e\udd54\">Halte l\u00e0 ! Tu aimes la tartiflette et faire la f\u00eate ?!?<img loading=\"lazy\" decoding=\"async\" height=\"16\" width=\"16\" src=\"https:\/\/static.xx.fbcdn.net\/images\/emoji.php\/v9\/t9\/1.5\/16\/1f954.png\" alt=\"\ud83e\udd54\"><img loading=\"lazy\" decoding=\"async\" height=\"16\" width=\"16\" src=\"https:\/\/static.xx.fbcdn.net\/images\/emoji.php\/v9\/t97\/1.5\/16\/1f9c0.png\" alt=\"\ud83e\uddc0\"><\/p>\n\n\n\n<p><strong><mark style=\"background-color:rgba(0, 0, 0, 0)\" class=\"has-inline-color has-pale-pink-color\">Samedi 10 f\u00e9vrier 19h30 &#8211; \u00e0 la salle de f\u00eates de Jarnac-Champagne<\/mark><\/strong><\/p>\n\n\n\n<p><strong><mark style=\"background-color:rgba(0, 0, 0, 0)\" class=\"has-inline-color has-vivid-green-cyan-color\">Menu tout compris adulte 20\u20ac \/ enfant 10 \u20ac<\/mark><\/strong><\/p>\n\n\n\n<p><img loading=\"lazy\" decoding=\"async\" height=\"16\" width=\"16\" src=\"https:\/\/static.xx.fbcdn.net\/images\/emoji.php\/v9\/te3\/1.5\/16\/1fad5.png\" alt=\"\ud83e\uded5\">Ap\u00e9ritif &#8211; Soupe &#8211; Tartiflette\/salade &#8211; Fromage &#8211; Tartelette &#8211; Caf\u00e9 &#8211; Digestif &#8211; Vins<img loading=\"lazy\" decoding=\"async\" height=\"16\" width=\"16\" src=\"https:\/\/static.xx.fbcdn.net\/images\/emoji.php\/v9\/te3\/1.5\/16\/1fad5.png\" alt=\"\ud83e\uded5\"><\/p>\n\n\n\n<p><img loading=\"lazy\" decoding=\"async\" height=\"16\" width=\"16\" src=\"https:\/\/static.xx.fbcdn.net\/images\/emoji.php\/v9\/tc6\/1.5\/16\/1f973.png\" alt=\"\ud83e\udd73\">R\u00e9servation avant le 30 janvier au 06.72.80.24.86<img loading=\"lazy\" decoding=\"async\" height=\"16\" width=\"16\" src=\"https:\/\/static.xx.fbcdn.net\/images\/emoji.php\/v9\/tc6\/1.5\/16\/1f973.png\" alt=\"\ud83e\udd73\"><\/p>\n\n\n\n<figure class=\"wp-block-image size-full\"><img loading=\"lazy\" decoding=\"async\" width=\"720\" height=\"604\" src=\"https:\/\/jarnac-champagne.fr\/\/\/wp-content\/uploads\/2024\/01\/FB_IMG_1705323830198.jpg\" alt=\"\" class=\"wp-image-5477\" srcset=\"https:\/\/jarnac-champagne.fr\/wp-content\/uploads\/2024\/01\/FB_IMG_1705323830198.jpg 720w, https:\/\/jarnac-champagne.fr\/wp-content\/uploads\/2024\/01\/FB_IMG_1705323830198-300x252.jpg 300w\" sizes=\"auto, (max-width: 720px) 100vw, 720px\" \/><\/figure>\n","protected":false},"excerpt":{"rendered":"<p>Halte l\u00e0 ! Tu aimes la tartiflette et faire la f\u00eate ?!? Samedi 10 f\u00e9vrier 19h30 &#8211; \u00e0 la salle<\/p>\n","protected":false},"author":1,"featured_media":365,"comment_status":"open","ping_status":"open","sticky":false,"template":"","format":"standard","meta":{"colormag_page_container_layout":"default_layout","colormag_page_sidebar_layout":"default_layout","footnotes":""},"categories":[5],"tags":[],"class_list":["post-5476","post","type-post","status-publish","format-standard","has-post-thumbnail","hentry","category-infos-ecole"],"_links":{"self":[{"href":"https:\/\/jarnac-champagne.fr\/index.php\/wp-json\/wp\/v2\/posts\/5476","targetHints":{"allow":["GET"]}}],"collection":[{"href":"https:\/\/jarnac-champagne.fr\/index.php\/wp-json\/wp\/v2\/posts"}],"about":[{"href":"https:\/\/jarnac-champagne.fr\/index.php\/wp-json\/wp\/v2\/types\/post"}],"author":[{"embeddable":true,"href":"https:\/\/jarnac-champagne.fr\/index.php\/wp-json\/wp\/v2\/users\/1"}],"replies":[{"embeddable":true,"href":"https:\/\/jarnac-champagne.fr\/index.php\/wp-json\/wp\/v2\/comments?post=5476"}],"version-history":[{"count":1,"href":"https:\/\/jarnac-champagne.fr\/index.php\/wp-json\/wp\/v2\/posts\/5476\/revisions"}],"predecessor-version":[{"id":5478,"href":"https:\/\/jarnac-champagne.fr\/index.php\/wp-json\/wp\/v2\/posts\/5476\/revisions\/5478"}],"wp:featuredmedia":[{"embeddable":true,"href":"https:\/\/jarnac-champagne.fr\/index.php\/wp-json\/wp\/v2\/media\/365"}],"wp:attachment":[{"href":"https:\/\/jarnac-champagne.fr\/index.php\/wp-json\/wp\/v2\/media?parent=5476"}],"wp:term":[{"taxonomy":"category","embeddable":true,"href":"https:\/\/jarnac-champagne.fr\/index.php\/wp-json\/wp\/v2\/categories?post=5476"},{"taxonomy":"post_tag","embeddable":true,"href":"https:\/\/jarnac-champagne.fr\/index.php\/wp-json\/wp\/v2\/tags?post=5476"}],"curies":[{"name":"wp","href":"https:\/\/api.w.org\/{rel}","templated":true}]}}