{"id":5564,"date":"2024-02-12T23:32:18","date_gmt":"2024-02-12T22:32:18","guid":{"rendered":"https:\/\/jarnac-champagne.fr\/?p=5564"},"modified":"2024-02-12T23:32:21","modified_gmt":"2024-02-12T22:32:21","slug":"villages-davenir-2","status":"publish","type":"post","link":"https:\/\/jarnac-champagne.fr\/index.php\/2024\/02\/12\/villages-davenir-2\/","title":{"rendered":"Villages d&rsquo;avenir"},"content":{"rendered":"\n<p>Lancement en pr\u00e9sence de M.Le Pr\u00e9fet du programme VILLAGES D&rsquo;AVENIR aux Gonds. 18 communes labellis\u00e9es en Charente-Maritime dont Jarnac-Champagne. Au travail et en avant vers l&rsquo;avenir !<\/p>\n\n\n\n<figure class=\"wp-block-gallery has-nested-images columns-default is-cropped wp-block-gallery-1 is-layout-flex wp-block-gallery-is-layout-flex\">\n<figure class=\"wp-block-image size-large\"><img loading=\"lazy\" decoding=\"async\" width=\"1024\" height=\"694\" data-id=\"5566\" src=\"https:\/\/jarnac-champagne.fr\/wp-content\/uploads\/2024\/02\/Villages_D_Avenir0-1024x694.jpg\" alt=\"\" class=\"wp-image-5566\" srcset=\"https:\/\/jarnac-champagne.fr\/wp-content\/uploads\/2024\/02\/Villages_D_Avenir0-1024x694.jpg 1024w, https:\/\/jarnac-champagne.fr\/wp-content\/uploads\/2024\/02\/Villages_D_Avenir0-300x203.jpg 300w, https:\/\/jarnac-champagne.fr\/wp-content\/uploads\/2024\/02\/Villages_D_Avenir0-768x520.jpg 768w, https:\/\/jarnac-champagne.fr\/wp-content\/uploads\/2024\/02\/Villages_D_Avenir0-1536x1040.jpg 1536w, https:\/\/jarnac-champagne.fr\/wp-content\/uploads\/2024\/02\/Villages_D_Avenir0-1320x894.jpg 1320w, https:\/\/jarnac-champagne.fr\/wp-content\/uploads\/2024\/02\/Villages_D_Avenir0.jpg 2048w\" sizes=\"auto, (max-width: 1024px) 100vw, 1024px\" \/><\/figure>\n\n\n\n<figure class=\"wp-block-image size-large\"><img loading=\"lazy\" decoding=\"async\" width=\"1024\" height=\"474\" data-id=\"5567\" src=\"https:\/\/jarnac-champagne.fr\/wp-content\/uploads\/2024\/02\/Villages_D_Avenir2-1024x474.jpg\" alt=\"\" class=\"wp-image-5567\" srcset=\"https:\/\/jarnac-champagne.fr\/wp-content\/uploads\/2024\/02\/Villages_D_Avenir2-1024x474.jpg 1024w, https:\/\/jarnac-champagne.fr\/wp-content\/uploads\/2024\/02\/Villages_D_Avenir2-300x139.jpg 300w, https:\/\/jarnac-champagne.fr\/wp-content\/uploads\/2024\/02\/Villages_D_Avenir2-768x356.jpg 768w, https:\/\/jarnac-champagne.fr\/wp-content\/uploads\/2024\/02\/Villages_D_Avenir2-1536x711.jpg 1536w, https:\/\/jarnac-champagne.fr\/wp-content\/uploads\/2024\/02\/Villages_D_Avenir2-1320x611.jpg 1320w, https:\/\/jarnac-champagne.fr\/wp-content\/uploads\/2024\/02\/Villages_D_Avenir2.jpg 2048w\" sizes=\"auto, (max-width: 1024px) 100vw, 1024px\" \/><\/figure>\n\n\n\n<figure class=\"wp-block-image size-large\"><img loading=\"lazy\" decoding=\"async\" width=\"1024\" height=\"599\" data-id=\"5565\" src=\"https:\/\/jarnac-champagne.fr\/wp-content\/uploads\/2024\/02\/Villages_D_Avenir1-1024x599.jpg\" alt=\"\" class=\"wp-image-5565\" srcset=\"https:\/\/jarnac-champagne.fr\/wp-content\/uploads\/2024\/02\/Villages_D_Avenir1-1024x599.jpg 1024w, https:\/\/jarnac-champagne.fr\/wp-content\/uploads\/2024\/02\/Villages_D_Avenir1-300x175.jpg 300w, https:\/\/jarnac-champagne.fr\/wp-content\/uploads\/2024\/02\/Villages_D_Avenir1-768x449.jpg 768w, https:\/\/jarnac-champagne.fr\/wp-content\/uploads\/2024\/02\/Villages_D_Avenir1-1536x898.jpg 1536w, https:\/\/jarnac-champagne.fr\/wp-content\/uploads\/2024\/02\/Villages_D_Avenir1-2048x1198.jpg 2048w, https:\/\/jarnac-champagne.fr\/wp-content\/uploads\/2024\/02\/Villages_D_Avenir1-1320x772.jpg 1320w\" sizes=\"auto, (max-width: 1024px) 100vw, 1024px\" \/><\/figure>\n<\/figure>\n","protected":false},"excerpt":{"rendered":"<p>Lancement en pr\u00e9sence de M.Le Pr\u00e9fet du programme VILLAGES D&rsquo;AVENIR aux Gonds. 18 communes labellis\u00e9es en Charente-Maritime dont Jarnac-Champagne. Au<\/p>\n","protected":false},"author":1,"featured_media":105,"comment_status":"open","ping_status":"open","sticky":false,"template":"","format":"standard","meta":{"colormag_page_container_layout":"default_layout","colormag_page_sidebar_layout":"default_layout","footnotes":""},"categories":[4],"tags":[],"class_list":["post-5564","post","type-post","status-publish","format-standard","has-post-thumbnail","hentry","category-infos-mairie"],"_links":{"self":[{"href":"https:\/\/jarnac-champagne.fr\/index.php\/wp-json\/wp\/v2\/posts\/5564","targetHints":{"allow":["GET"]}}],"collection":[{"href":"https:\/\/jarnac-champagne.fr\/index.php\/wp-json\/wp\/v2\/posts"}],"about":[{"href":"https:\/\/jarnac-champagne.fr\/index.php\/wp-json\/wp\/v2\/types\/post"}],"author":[{"embeddable":true,"href":"https:\/\/jarnac-champagne.fr\/index.php\/wp-json\/wp\/v2\/users\/1"}],"replies":[{"embeddable":true,"href":"https:\/\/jarnac-champagne.fr\/index.php\/wp-json\/wp\/v2\/comments?post=5564"}],"version-history":[{"count":1,"href":"https:\/\/jarnac-champagne.fr\/index.php\/wp-json\/wp\/v2\/posts\/5564\/revisions"}],"predecessor-version":[{"id":5568,"href":"https:\/\/jarnac-champagne.fr\/index.php\/wp-json\/wp\/v2\/posts\/5564\/revisions\/5568"}],"wp:featuredmedia":[{"embeddable":true,"href":"https:\/\/jarnac-champagne.fr\/index.php\/wp-json\/wp\/v2\/media\/105"}],"wp:attachment":[{"href":"https:\/\/jarnac-champagne.fr\/index.php\/wp-json\/wp\/v2\/media?parent=5564"}],"wp:term":[{"taxonomy":"category","embeddable":true,"href":"https:\/\/jarnac-champagne.fr\/index.php\/wp-json\/wp\/v2\/categories?post=5564"},{"taxonomy":"post_tag","embeddable":true,"href":"https:\/\/jarnac-champagne.fr\/index.php\/wp-json\/wp\/v2\/tags?post=5564"}],"curies":[{"name":"wp","href":"https:\/\/api.w.org\/{rel}","templated":true}]}}