{"id":5578,"date":"2024-02-21T21:36:36","date_gmt":"2024-02-21T20:36:36","guid":{"rendered":"https:\/\/jarnac-champagne.fr\/?p=5578"},"modified":"2024-02-21T21:36:38","modified_gmt":"2024-02-21T20:36:38","slug":"fin-des-travaux-centre-des-finances-jonzac","status":"publish","type":"post","link":"https:\/\/jarnac-champagne.fr\/index.php\/2024\/02\/21\/fin-des-travaux-centre-des-finances-jonzac\/","title":{"rendered":"Fin des travaux centre des finances Jonzac"},"content":{"rendered":"\n<p>Les travaux de l&rsquo;accueil du centre des finances publiques sont en voie d&rsquo;ach\u00e8vement.<br><br>Sauf retard fortement improbable \u00e0 ce stade d&rsquo;avancement, l&rsquo;<strong><mark style=\"background-color:rgba(0, 0, 0, 0)\" class=\"has-inline-color has-vivid-green-cyan-color\">accueil des usagers<\/mark><\/strong> pourra \u00eatre r\u00e9alis\u00e9 dans des conditions optimales et dans des locaux r\u00e9nov\u00e9s \u00e0 <strong><mark style=\"background-color:rgba(0, 0, 0, 0)\" class=\"has-inline-color has-vivid-green-cyan-color\">partir du lundi 4 mars 2024. <\/mark><\/strong><br><br><mark style=\"background-color:rgba(0, 0, 0, 0)\" class=\"has-inline-color has-luminous-vivid-amber-color\"><strong>Le d\u00e9m\u00e9nagement aura lieu le jeudi 29 f\u00e9vrier et le vendredi 1er mars. Pendant cette p\u00e9riode, l&rsquo;accueil sera ferm\u00e9 au public et aux r\u00e9gisseurs<\/strong>.<br><\/mark><\/p>\n","protected":false},"excerpt":{"rendered":"<p>Les travaux de l&rsquo;accueil du centre des finances publiques sont en voie d&rsquo;ach\u00e8vement. Sauf retard fortement improbable \u00e0 ce stade<\/p>\n","protected":false},"author":1,"featured_media":365,"comment_status":"open","ping_status":"open","sticky":false,"template":"","format":"standard","meta":{"colormag_page_container_layout":"default_layout","colormag_page_sidebar_layout":"default_layout","footnotes":""},"categories":[9],"tags":[],"class_list":["post-5578","post","type-post","status-publish","format-standard","has-post-thumbnail","hentry","category-informations-diverses"],"_links":{"self":[{"href":"https:\/\/jarnac-champagne.fr\/index.php\/wp-json\/wp\/v2\/posts\/5578","targetHints":{"allow":["GET"]}}],"collection":[{"href":"https:\/\/jarnac-champagne.fr\/index.php\/wp-json\/wp\/v2\/posts"}],"about":[{"href":"https:\/\/jarnac-champagne.fr\/index.php\/wp-json\/wp\/v2\/types\/post"}],"author":[{"embeddable":true,"href":"https:\/\/jarnac-champagne.fr\/index.php\/wp-json\/wp\/v2\/users\/1"}],"replies":[{"embeddable":true,"href":"https:\/\/jarnac-champagne.fr\/index.php\/wp-json\/wp\/v2\/comments?post=5578"}],"version-history":[{"count":1,"href":"https:\/\/jarnac-champagne.fr\/index.php\/wp-json\/wp\/v2\/posts\/5578\/revisions"}],"predecessor-version":[{"id":5579,"href":"https:\/\/jarnac-champagne.fr\/index.php\/wp-json\/wp\/v2\/posts\/5578\/revisions\/5579"}],"wp:featuredmedia":[{"embeddable":true,"href":"https:\/\/jarnac-champagne.fr\/index.php\/wp-json\/wp\/v2\/media\/365"}],"wp:attachment":[{"href":"https:\/\/jarnac-champagne.fr\/index.php\/wp-json\/wp\/v2\/media?parent=5578"}],"wp:term":[{"taxonomy":"category","embeddable":true,"href":"https:\/\/jarnac-champagne.fr\/index.php\/wp-json\/wp\/v2\/categories?post=5578"},{"taxonomy":"post_tag","embeddable":true,"href":"https:\/\/jarnac-champagne.fr\/index.php\/wp-json\/wp\/v2\/tags?post=5578"}],"curies":[{"name":"wp","href":"https:\/\/api.w.org\/{rel}","templated":true}]}}