{"id":5628,"date":"2024-06-16T22:12:42","date_gmt":"2024-06-16T20:12:42","guid":{"rendered":"https:\/\/jarnac-champagne.fr\/\/\/?p=5628"},"modified":"2024-06-16T22:12:43","modified_gmt":"2024-06-16T20:12:43","slug":"cafe-memoire-4","status":"publish","type":"post","link":"https:\/\/jarnac-champagne.fr\/index.php\/2024\/06\/16\/cafe-memoire-4\/","title":{"rendered":"Caf\u00e9 m\u00e9moire"},"content":{"rendered":"\n<p>L&rsquo;association France Alzheimer Charente Maritime vous donne rendez-vous<strong> <mark style=\"background-color:rgba(0, 0, 0, 0)\" class=\"has-inline-color has-vivid-green-cyan-color\">LE LUNDI 24 JUIN \u00e0 14h &#8211; Maison des Associations<\/mark><\/strong><\/p>\n\n\n\n<p><strong><mark style=\"background-color:rgba(0, 0, 0, 0)\" class=\"has-inline-color has-vivid-purple-color\">Th\u00e8me : Les activit\u00e9s physiques adapt\u00e9es<\/mark><\/strong><\/p>\n\n\n\n<p><strong><mark style=\"background-color:rgba(0, 0, 0, 0)\" class=\"has-inline-color has-pale-pink-color\">Mme DIANA, coordinatrice territoriale PEP&rsquo;S 17 &amp;  M.LANDRAUD<\/mark><\/strong> <mark style=\"background-color:rgba(0, 0, 0, 0)\" class=\"has-inline-color has-pale-pink-color\"><strong>&#8211; ACTIV&rsquo;SANTE &#8211; Jonzac<\/strong><\/mark><\/p>\n\n\n\n<p>Nous vous remercions de bien vouloir diffuser cette information.<\/p>\n\n\n\n<p><mark style=\"background-color:rgba(0, 0, 0, 0)\" class=\"has-inline-color has-vivid-cyan-blue-color\"><strong>Contact : Sylvie Maerten<\/strong><\/mark><\/p>\n\n\n\n<p><strong><mark style=\"background-color:rgba(0, 0, 0, 0)\" class=\"has-inline-color has-vivid-cyan-blue-color\">T\u00e9l : 06 84 19 22 35<\/mark><\/strong><\/p>\n\n\n\n<p>Plus d\u2019informations ici :\u00a0<a href=\"https:\/\/www.francealzheimer.org\/nos-actions-nos-missions\/actions-adaptees-familles\/les-cafes-memoire\/\" target=\"_blank\" rel=\"noreferrer noopener\">https:\/\/www.francealzheimer.org\/nos-actions-nos-missions\/actions-adaptees-familles\/les-cafes-memoire\/<\/a><\/p>\n\n\n<a href=\"https:\/\/jarnac-champagne.fr\/\/\/wp-content\/uploads\/2024\/03\/Cafe-memoire-Affiche-tract-24-juin-2024-1.pdf\" class=\"pdfemb-viewer\" style=\"\" data-width=\"max\" data-height=\"max\" data-toolbar=\"bottom\" data-toolbar-fixed=\"off\">Cafe-memoire-Affiche-tract-24-juin-2024-1<\/a>","protected":false},"excerpt":{"rendered":"<p>L&rsquo;association France Alzheimer Charente Maritime vous donne rendez-vous LE LUNDI 24 JUIN \u00e0 14h &#8211; Maison des Associations Th\u00e8me :<\/p>\n","protected":false},"author":1,"featured_media":922,"comment_status":"open","ping_status":"open","sticky":false,"template":"","format":"standard","meta":{"colormag_page_container_layout":"default_layout","colormag_page_sidebar_layout":"default_layout","footnotes":""},"categories":[4,18],"tags":[],"class_list":["post-5628","post","type-post","status-publish","format-standard","has-post-thumbnail","hentry","category-infos-mairie","category-infos-sante"],"_links":{"self":[{"href":"https:\/\/jarnac-champagne.fr\/index.php\/wp-json\/wp\/v2\/posts\/5628","targetHints":{"allow":["GET"]}}],"collection":[{"href":"https:\/\/jarnac-champagne.fr\/index.php\/wp-json\/wp\/v2\/posts"}],"about":[{"href":"https:\/\/jarnac-champagne.fr\/index.php\/wp-json\/wp\/v2\/types\/post"}],"author":[{"embeddable":true,"href":"https:\/\/jarnac-champagne.fr\/index.php\/wp-json\/wp\/v2\/users\/1"}],"replies":[{"embeddable":true,"href":"https:\/\/jarnac-champagne.fr\/index.php\/wp-json\/wp\/v2\/comments?post=5628"}],"version-history":[{"count":2,"href":"https:\/\/jarnac-champagne.fr\/index.php\/wp-json\/wp\/v2\/posts\/5628\/revisions"}],"predecessor-version":[{"id":5952,"href":"https:\/\/jarnac-champagne.fr\/index.php\/wp-json\/wp\/v2\/posts\/5628\/revisions\/5952"}],"wp:featuredmedia":[{"embeddable":true,"href":"https:\/\/jarnac-champagne.fr\/index.php\/wp-json\/wp\/v2\/media\/922"}],"wp:attachment":[{"href":"https:\/\/jarnac-champagne.fr\/index.php\/wp-json\/wp\/v2\/media?parent=5628"}],"wp:term":[{"taxonomy":"category","embeddable":true,"href":"https:\/\/jarnac-champagne.fr\/index.php\/wp-json\/wp\/v2\/categories?post=5628"},{"taxonomy":"post_tag","embeddable":true,"href":"https:\/\/jarnac-champagne.fr\/index.php\/wp-json\/wp\/v2\/tags?post=5628"}],"curies":[{"name":"wp","href":"https:\/\/api.w.org\/{rel}","templated":true}]}}