{"id":5638,"date":"2024-03-14T19:09:10","date_gmt":"2024-03-14T18:09:10","guid":{"rendered":"https:\/\/jarnac-champagne.fr\/\/\/?p=5638"},"modified":"2024-03-14T19:09:11","modified_gmt":"2024-03-14T18:09:11","slug":"ceremonie-du-19-mars-2024","status":"publish","type":"post","link":"https:\/\/jarnac-champagne.fr\/index.php\/2024\/03\/14\/ceremonie-du-19-mars-2024\/","title":{"rendered":"C\u00e9r\u00e9monie du 19 mars 2024"},"content":{"rendered":"\n<p>A la m\u00e9moire des 30 000 morts et des victimes civiles.<\/p>\n\n\n\n<p>Hommage aux victimes civiles et militaires de la guerre d\u2019Alg\u00e9rie et des combats en Tunisie et au Maroc.<\/p>\n\n\n\n<p class=\"has-luminous-vivid-orange-color has-text-color\"><strong>Rassemblement \u00e0 9h45, Place de la Mairie.<\/strong> <strong>D\u00e9p\u00f4t de gerbe au Monument aux Morts.<\/strong><\/p>\n\n\n\n<p>Un vin d&rsquo;honneur sera offert \u00e0 l&rsquo;issue de la c\u00e9r\u00e9monie.<\/p>\n\n\n<a href=\"https:\/\/jarnac-champagne.fr\/\/\/wp-content\/uploads\/2024\/03\/19-mars-2024-1.pdf\" class=\"pdfemb-viewer\" style=\"\" data-width=\"max\" data-height=\"max\" data-toolbar=\"bottom\" data-toolbar-fixed=\"off\">19-mars-2024-1<\/a>","protected":false},"excerpt":{"rendered":"<p>A la m\u00e9moire des 30 000 morts et des victimes civiles. Hommage aux victimes civiles et militaires de la guerre<\/p>\n","protected":false},"author":1,"featured_media":105,"comment_status":"open","ping_status":"open","sticky":false,"template":"","format":"standard","meta":{"colormag_page_container_layout":"default_layout","colormag_page_sidebar_layout":"default_layout","footnotes":""},"categories":[4],"tags":[],"class_list":["post-5638","post","type-post","status-publish","format-standard","has-post-thumbnail","hentry","category-infos-mairie"],"_links":{"self":[{"href":"https:\/\/jarnac-champagne.fr\/index.php\/wp-json\/wp\/v2\/posts\/5638","targetHints":{"allow":["GET"]}}],"collection":[{"href":"https:\/\/jarnac-champagne.fr\/index.php\/wp-json\/wp\/v2\/posts"}],"about":[{"href":"https:\/\/jarnac-champagne.fr\/index.php\/wp-json\/wp\/v2\/types\/post"}],"author":[{"embeddable":true,"href":"https:\/\/jarnac-champagne.fr\/index.php\/wp-json\/wp\/v2\/users\/1"}],"replies":[{"embeddable":true,"href":"https:\/\/jarnac-champagne.fr\/index.php\/wp-json\/wp\/v2\/comments?post=5638"}],"version-history":[{"count":1,"href":"https:\/\/jarnac-champagne.fr\/index.php\/wp-json\/wp\/v2\/posts\/5638\/revisions"}],"predecessor-version":[{"id":5641,"href":"https:\/\/jarnac-champagne.fr\/index.php\/wp-json\/wp\/v2\/posts\/5638\/revisions\/5641"}],"wp:featuredmedia":[{"embeddable":true,"href":"https:\/\/jarnac-champagne.fr\/index.php\/wp-json\/wp\/v2\/media\/105"}],"wp:attachment":[{"href":"https:\/\/jarnac-champagne.fr\/index.php\/wp-json\/wp\/v2\/media?parent=5638"}],"wp:term":[{"taxonomy":"category","embeddable":true,"href":"https:\/\/jarnac-champagne.fr\/index.php\/wp-json\/wp\/v2\/categories?post=5638"},{"taxonomy":"post_tag","embeddable":true,"href":"https:\/\/jarnac-champagne.fr\/index.php\/wp-json\/wp\/v2\/tags?post=5638"}],"curies":[{"name":"wp","href":"https:\/\/api.w.org\/{rel}","templated":true}]}}