{"id":5682,"date":"2024-04-01T18:14:35","date_gmt":"2024-04-01T16:14:35","guid":{"rendered":"https:\/\/jarnac-champagne.fr\/\/\/?p=5682"},"modified":"2024-04-01T18:15:31","modified_gmt":"2024-04-01T16:15:31","slug":"apero-heure-civique","status":"publish","type":"post","link":"https:\/\/jarnac-champagne.fr\/index.php\/2024\/04\/01\/apero-heure-civique\/","title":{"rendered":"Ap\u00e9ro heure civique"},"content":{"rendered":"\n<p>L&rsquo;effectif des volontaires du dispositif \u00e9tait presque au complet suite \u00e0 l&rsquo;invitation de Mme le Maire, vendredi 22 mars \u00e0 la Maison des Associations. L&rsquo;occasion de se rencontrer, d&rsquo;\u00e9changer en toute convivialit\u00e9 et de r\u00e9colter les impressions de chacun. Apr\u00e8s un rapide tour de table, le visionnage du clip d\u00e9partemental, nous avons fait le bilan des actions pass\u00e9es et \u00e0 venir. Nos volontaires sont tr\u00e8s motiv\u00e9s et r\u00e9fl\u00e9chissent d\u00e9j\u00e0 \u00e0 une strat\u00e9gie pour am\u00e9liorer la communication. Cette soir\u00e9e sympathique s&rsquo;est termin\u00e9e autour d&rsquo;un verre et de quelques gourmandises sucr\u00e9es et sal\u00e9es.<\/p>\n\n\n\n<p>Merci \u00e0 tous pour votre participation active. Christine a accept\u00e9 de prendre en charge l&rsquo;animation et Marjorie est notre charg\u00e9e de communication officielle&#8230; Merci Mesdames !<\/p>\n\n\n\n<p><strong><mark style=\"background-color:rgba(0, 0, 0, 0)\" class=\"has-inline-color has-vivid-green-cyan-color\">Prochaine action : Haute-Saintonge Propre : SAMEDI 06 AVRIL &#8211; 9h &#8211; D\u00e9part Place de la Mairie.<\/mark><\/strong><\/p>\n\n\n\n<figure class=\"wp-block-video\"><video height=\"656\" style=\"aspect-ratio: 368 \/ 656;\" width=\"368\" controls preload=\"auto\" src=\"https:\/\/jarnac-champagne.fr\/\/\/wp-content\/uploads\/2024\/04\/Apero_Heure_Civique-1.mp4\" playsinline><\/video><\/figure>\n\n\n\n<figure class=\"wp-block-gallery has-nested-images columns-default is-cropped wp-block-gallery-1 is-layout-flex wp-block-gallery-is-layout-flex\">\n<figure class=\"wp-block-image size-large\"><img loading=\"lazy\" decoding=\"async\" width=\"1024\" height=\"1024\" data-id=\"5700\" src=\"https:\/\/jarnac-champagne.fr\/\/\/wp-content\/uploads\/2024\/04\/Apero_Heure_Civique-7-1-1024x1024.jpeg\" alt=\"\" class=\"wp-image-5700\" srcset=\"https:\/\/jarnac-champagne.fr\/wp-content\/uploads\/2024\/04\/Apero_Heure_Civique-7-1-1024x1024.jpeg 1024w, https:\/\/jarnac-champagne.fr\/wp-content\/uploads\/2024\/04\/Apero_Heure_Civique-7-1-300x300.jpeg 300w, https:\/\/jarnac-champagne.fr\/wp-content\/uploads\/2024\/04\/Apero_Heure_Civique-7-1-150x150.jpeg 150w, https:\/\/jarnac-champagne.fr\/wp-content\/uploads\/2024\/04\/Apero_Heure_Civique-7-1-768x768.jpeg 768w, https:\/\/jarnac-champagne.fr\/wp-content\/uploads\/2024\/04\/Apero_Heure_Civique-7-1-1536x1536.jpeg 1536w, https:\/\/jarnac-champagne.fr\/wp-content\/uploads\/2024\/04\/Apero_Heure_Civique-7-1-1320x1320.jpeg 1320w, https:\/\/jarnac-champagne.fr\/wp-content\/uploads\/2024\/04\/Apero_Heure_Civique-7-1.jpeg 2048w\" sizes=\"auto, (max-width: 1024px) 100vw, 1024px\" \/><\/figure>\n\n\n\n<figure class=\"wp-block-image size-large\"><img loading=\"lazy\" decoding=\"async\" width=\"1024\" height=\"1024\" data-id=\"5696\" src=\"https:\/\/jarnac-champagne.fr\/\/\/wp-content\/uploads\/2024\/04\/Apero_Heure_Civique-2-1-1024x1024.jpeg\" alt=\"\" class=\"wp-image-5696\" srcset=\"https:\/\/jarnac-champagne.fr\/wp-content\/uploads\/2024\/04\/Apero_Heure_Civique-2-1-1024x1024.jpeg 1024w, https:\/\/jarnac-champagne.fr\/wp-content\/uploads\/2024\/04\/Apero_Heure_Civique-2-1-300x300.jpeg 300w, https:\/\/jarnac-champagne.fr\/wp-content\/uploads\/2024\/04\/Apero_Heure_Civique-2-1-150x150.jpeg 150w, https:\/\/jarnac-champagne.fr\/wp-content\/uploads\/2024\/04\/Apero_Heure_Civique-2-1-768x768.jpeg 768w, https:\/\/jarnac-champagne.fr\/wp-content\/uploads\/2024\/04\/Apero_Heure_Civique-2-1-1536x1536.jpeg 1536w, https:\/\/jarnac-champagne.fr\/wp-content\/uploads\/2024\/04\/Apero_Heure_Civique-2-1-1320x1320.jpeg 1320w, https:\/\/jarnac-champagne.fr\/wp-content\/uploads\/2024\/04\/Apero_Heure_Civique-2-1.jpeg 2048w\" sizes=\"auto, (max-width: 1024px) 100vw, 1024px\" \/><\/figure>\n\n\n\n<figure class=\"wp-block-image size-large\"><img loading=\"lazy\" decoding=\"async\" width=\"1024\" height=\"1024\" data-id=\"5694\" src=\"https:\/\/jarnac-champagne.fr\/\/\/wp-content\/uploads\/2024\/04\/Apero_Heure_Civique-1-1-1024x1024.jpeg\" alt=\"\" class=\"wp-image-5694\" srcset=\"https:\/\/jarnac-champagne.fr\/wp-content\/uploads\/2024\/04\/Apero_Heure_Civique-1-1-1024x1024.jpeg 1024w, https:\/\/jarnac-champagne.fr\/wp-content\/uploads\/2024\/04\/Apero_Heure_Civique-1-1-300x300.jpeg 300w, https:\/\/jarnac-champagne.fr\/wp-content\/uploads\/2024\/04\/Apero_Heure_Civique-1-1-150x150.jpeg 150w, https:\/\/jarnac-champagne.fr\/wp-content\/uploads\/2024\/04\/Apero_Heure_Civique-1-1-768x768.jpeg 768w, https:\/\/jarnac-champagne.fr\/wp-content\/uploads\/2024\/04\/Apero_Heure_Civique-1-1-1536x1536.jpeg 1536w, https:\/\/jarnac-champagne.fr\/wp-content\/uploads\/2024\/04\/Apero_Heure_Civique-1-1-1320x1320.jpeg 1320w, https:\/\/jarnac-champagne.fr\/wp-content\/uploads\/2024\/04\/Apero_Heure_Civique-1-1.jpeg 2048w\" sizes=\"auto, (max-width: 1024px) 100vw, 1024px\" \/><\/figure>\n\n\n\n<figure class=\"wp-block-image size-large\"><img loading=\"lazy\" decoding=\"async\" width=\"1024\" height=\"1024\" data-id=\"5699\" src=\"https:\/\/jarnac-champagne.fr\/\/\/wp-content\/uploads\/2024\/04\/Apero_Heure_Civique-5-1-1024x1024.jpeg\" alt=\"\" class=\"wp-image-5699\" srcset=\"https:\/\/jarnac-champagne.fr\/wp-content\/uploads\/2024\/04\/Apero_Heure_Civique-5-1-1024x1024.jpeg 1024w, https:\/\/jarnac-champagne.fr\/wp-content\/uploads\/2024\/04\/Apero_Heure_Civique-5-1-300x300.jpeg 300w, https:\/\/jarnac-champagne.fr\/wp-content\/uploads\/2024\/04\/Apero_Heure_Civique-5-1-150x150.jpeg 150w, https:\/\/jarnac-champagne.fr\/wp-content\/uploads\/2024\/04\/Apero_Heure_Civique-5-1-768x768.jpeg 768w, https:\/\/jarnac-champagne.fr\/wp-content\/uploads\/2024\/04\/Apero_Heure_Civique-5-1-1536x1536.jpeg 1536w, https:\/\/jarnac-champagne.fr\/wp-content\/uploads\/2024\/04\/Apero_Heure_Civique-5-1-1320x1320.jpeg 1320w, https:\/\/jarnac-champagne.fr\/wp-content\/uploads\/2024\/04\/Apero_Heure_Civique-5-1.jpeg 2048w\" sizes=\"auto, (max-width: 1024px) 100vw, 1024px\" \/><\/figure>\n\n\n\n<figure class=\"wp-block-image size-large\"><img loading=\"lazy\" decoding=\"async\" width=\"1024\" height=\"1024\" data-id=\"5698\" src=\"https:\/\/jarnac-champagne.fr\/\/\/wp-content\/uploads\/2024\/04\/Apero_Heure_Civique-6-1-1024x1024.jpeg\" alt=\"\" class=\"wp-image-5698\" srcset=\"https:\/\/jarnac-champagne.fr\/wp-content\/uploads\/2024\/04\/Apero_Heure_Civique-6-1-1024x1024.jpeg 1024w, https:\/\/jarnac-champagne.fr\/wp-content\/uploads\/2024\/04\/Apero_Heure_Civique-6-1-300x300.jpeg 300w, https:\/\/jarnac-champagne.fr\/wp-content\/uploads\/2024\/04\/Apero_Heure_Civique-6-1-150x150.jpeg 150w, https:\/\/jarnac-champagne.fr\/wp-content\/uploads\/2024\/04\/Apero_Heure_Civique-6-1-768x768.jpeg 768w, https:\/\/jarnac-champagne.fr\/wp-content\/uploads\/2024\/04\/Apero_Heure_Civique-6-1-1536x1536.jpeg 1536w, https:\/\/jarnac-champagne.fr\/wp-content\/uploads\/2024\/04\/Apero_Heure_Civique-6-1-1320x1320.jpeg 1320w, https:\/\/jarnac-champagne.fr\/wp-content\/uploads\/2024\/04\/Apero_Heure_Civique-6-1.jpeg 2048w\" sizes=\"auto, (max-width: 1024px) 100vw, 1024px\" \/><\/figure>\n\n\n\n<figure class=\"wp-block-image size-large\"><img loading=\"lazy\" decoding=\"async\" width=\"1024\" height=\"1024\" data-id=\"5695\" src=\"https:\/\/jarnac-champagne.fr\/\/\/wp-content\/uploads\/2024\/04\/Apero_Heure_Civique-3-1-1024x1024.jpeg\" alt=\"\" class=\"wp-image-5695\" srcset=\"https:\/\/jarnac-champagne.fr\/wp-content\/uploads\/2024\/04\/Apero_Heure_Civique-3-1-1024x1024.jpeg 1024w, https:\/\/jarnac-champagne.fr\/wp-content\/uploads\/2024\/04\/Apero_Heure_Civique-3-1-300x300.jpeg 300w, https:\/\/jarnac-champagne.fr\/wp-content\/uploads\/2024\/04\/Apero_Heure_Civique-3-1-150x150.jpeg 150w, https:\/\/jarnac-champagne.fr\/wp-content\/uploads\/2024\/04\/Apero_Heure_Civique-3-1-768x768.jpeg 768w, https:\/\/jarnac-champagne.fr\/wp-content\/uploads\/2024\/04\/Apero_Heure_Civique-3-1-1536x1536.jpeg 1536w, https:\/\/jarnac-champagne.fr\/wp-content\/uploads\/2024\/04\/Apero_Heure_Civique-3-1-1320x1320.jpeg 1320w, https:\/\/jarnac-champagne.fr\/wp-content\/uploads\/2024\/04\/Apero_Heure_Civique-3-1.jpeg 2048w\" sizes=\"auto, (max-width: 1024px) 100vw, 1024px\" \/><\/figure>\n\n\n\n<figure class=\"wp-block-image size-large\"><img loading=\"lazy\" decoding=\"async\" width=\"1024\" height=\"1024\" data-id=\"5697\" src=\"https:\/\/jarnac-champagne.fr\/\/\/wp-content\/uploads\/2024\/04\/Apero_Heure_Civique-4-1-1024x1024.jpeg\" alt=\"\" class=\"wp-image-5697\" srcset=\"https:\/\/jarnac-champagne.fr\/wp-content\/uploads\/2024\/04\/Apero_Heure_Civique-4-1-1024x1024.jpeg 1024w, https:\/\/jarnac-champagne.fr\/wp-content\/uploads\/2024\/04\/Apero_Heure_Civique-4-1-300x300.jpeg 300w, https:\/\/jarnac-champagne.fr\/wp-content\/uploads\/2024\/04\/Apero_Heure_Civique-4-1-150x150.jpeg 150w, https:\/\/jarnac-champagne.fr\/wp-content\/uploads\/2024\/04\/Apero_Heure_Civique-4-1-768x768.jpeg 768w, https:\/\/jarnac-champagne.fr\/wp-content\/uploads\/2024\/04\/Apero_Heure_Civique-4-1-1536x1536.jpeg 1536w, https:\/\/jarnac-champagne.fr\/wp-content\/uploads\/2024\/04\/Apero_Heure_Civique-4-1-1320x1320.jpeg 1320w, https:\/\/jarnac-champagne.fr\/wp-content\/uploads\/2024\/04\/Apero_Heure_Civique-4-1.jpeg 2048w\" sizes=\"auto, (max-width: 1024px) 100vw, 1024px\" \/><\/figure>\n<\/figure>\n","protected":false},"excerpt":{"rendered":"<p>L&rsquo;effectif des volontaires du dispositif \u00e9tait presque au complet suite \u00e0 l&rsquo;invitation de Mme le Maire, vendredi 22 mars \u00e0<\/p>\n","protected":false},"author":1,"featured_media":4371,"comment_status":"open","ping_status":"open","sticky":false,"template":"","format":"standard","meta":{"colormag_page_container_layout":"default_layout","colormag_page_sidebar_layout":"default_layout","footnotes":""},"categories":[34],"tags":[],"class_list":["post-5682","post","type-post","status-publish","format-standard","has-post-thumbnail","hentry","category-heure-civique"],"_links":{"self":[{"href":"https:\/\/jarnac-champagne.fr\/index.php\/wp-json\/wp\/v2\/posts\/5682","targetHints":{"allow":["GET"]}}],"collection":[{"href":"https:\/\/jarnac-champagne.fr\/index.php\/wp-json\/wp\/v2\/posts"}],"about":[{"href":"https:\/\/jarnac-champagne.fr\/index.php\/wp-json\/wp\/v2\/types\/post"}],"author":[{"embeddable":true,"href":"https:\/\/jarnac-champagne.fr\/index.php\/wp-json\/wp\/v2\/users\/1"}],"replies":[{"embeddable":true,"href":"https:\/\/jarnac-champagne.fr\/index.php\/wp-json\/wp\/v2\/comments?post=5682"}],"version-history":[{"count":4,"href":"https:\/\/jarnac-champagne.fr\/index.php\/wp-json\/wp\/v2\/posts\/5682\/revisions"}],"predecessor-version":[{"id":5708,"href":"https:\/\/jarnac-champagne.fr\/index.php\/wp-json\/wp\/v2\/posts\/5682\/revisions\/5708"}],"wp:featuredmedia":[{"embeddable":true,"href":"https:\/\/jarnac-champagne.fr\/index.php\/wp-json\/wp\/v2\/media\/4371"}],"wp:attachment":[{"href":"https:\/\/jarnac-champagne.fr\/index.php\/wp-json\/wp\/v2\/media?parent=5682"}],"wp:term":[{"taxonomy":"category","embeddable":true,"href":"https:\/\/jarnac-champagne.fr\/index.php\/wp-json\/wp\/v2\/categories?post=5682"},{"taxonomy":"post_tag","embeddable":true,"href":"https:\/\/jarnac-champagne.fr\/index.php\/wp-json\/wp\/v2\/tags?post=5682"}],"curies":[{"name":"wp","href":"https:\/\/api.w.org\/{rel}","templated":true}]}}