{"id":5729,"date":"2024-04-07T22:09:02","date_gmt":"2024-04-07T20:09:02","guid":{"rendered":"https:\/\/jarnac-champagne.fr\/?p=5729"},"modified":"2024-04-07T22:09:04","modified_gmt":"2024-04-07T20:09:04","slug":"campagne-annuelle-releve-des-compteurs","status":"publish","type":"post","link":"https:\/\/jarnac-champagne.fr\/index.php\/2024\/04\/07\/campagne-annuelle-releve-des-compteurs\/","title":{"rendered":"Campagne annuelle relev\u00e9 des compteurs"},"content":{"rendered":"\n<p>La RESE vous informe que la campagne annuelle de rel\u00e8ve de compteurs sur votre commune d\u00e9marre <strong><mark style=\"background-color:rgba(0, 0, 0, 0)\" class=\"has-inline-color has-luminous-vivid-orange-color\">\u00e0 compter du 8 avril 2024 <\/mark><u>pour une dur\u00e9e de 8 jours.<\/u><\/strong><\/p>\n\n\n\n<p>Le calendrier de rel\u00e8ve est accessible \u00e0 tous sur le site internet de la RESE : <strong><a href=\"http:\/\/www.rese.fr\/\" target=\"_blank\" rel=\"noreferrer noopener\">www.rese.fr<\/a><\/strong><\/p>\n\n\n\n<p><strong><mark style=\"background-color:rgba(0, 0, 0, 0)\" class=\"has-inline-color has-pale-pink-color\">En cas de compteur inaccessible, les abonn\u00e9s n\u2019\u00e9tant pas pr\u00e9sents recevront un courrier leur proposant de transmettre leur index ou bien de prendre RDV.<\/mark><\/strong><\/p>\n\n\n\n<p>Le service client\u00e8le reste \u00e0 votre disposition pour toute information compl\u00e9mentaire que vous jugeriez n\u00e9cessaire.<\/p>\n","protected":false},"excerpt":{"rendered":"<p>La RESE vous informe que la campagne annuelle de rel\u00e8ve de compteurs sur votre commune d\u00e9marre \u00e0 compter du 8<\/p>\n","protected":false},"author":1,"featured_media":365,"comment_status":"open","ping_status":"open","sticky":false,"template":"","format":"standard","meta":{"colormag_page_container_layout":"default_layout","colormag_page_sidebar_layout":"default_layout","footnotes":""},"categories":[9],"tags":[],"class_list":["post-5729","post","type-post","status-publish","format-standard","has-post-thumbnail","hentry","category-informations-diverses"],"_links":{"self":[{"href":"https:\/\/jarnac-champagne.fr\/index.php\/wp-json\/wp\/v2\/posts\/5729","targetHints":{"allow":["GET"]}}],"collection":[{"href":"https:\/\/jarnac-champagne.fr\/index.php\/wp-json\/wp\/v2\/posts"}],"about":[{"href":"https:\/\/jarnac-champagne.fr\/index.php\/wp-json\/wp\/v2\/types\/post"}],"author":[{"embeddable":true,"href":"https:\/\/jarnac-champagne.fr\/index.php\/wp-json\/wp\/v2\/users\/1"}],"replies":[{"embeddable":true,"href":"https:\/\/jarnac-champagne.fr\/index.php\/wp-json\/wp\/v2\/comments?post=5729"}],"version-history":[{"count":1,"href":"https:\/\/jarnac-champagne.fr\/index.php\/wp-json\/wp\/v2\/posts\/5729\/revisions"}],"predecessor-version":[{"id":5730,"href":"https:\/\/jarnac-champagne.fr\/index.php\/wp-json\/wp\/v2\/posts\/5729\/revisions\/5730"}],"wp:featuredmedia":[{"embeddable":true,"href":"https:\/\/jarnac-champagne.fr\/index.php\/wp-json\/wp\/v2\/media\/365"}],"wp:attachment":[{"href":"https:\/\/jarnac-champagne.fr\/index.php\/wp-json\/wp\/v2\/media?parent=5729"}],"wp:term":[{"taxonomy":"category","embeddable":true,"href":"https:\/\/jarnac-champagne.fr\/index.php\/wp-json\/wp\/v2\/categories?post=5729"},{"taxonomy":"post_tag","embeddable":true,"href":"https:\/\/jarnac-champagne.fr\/index.php\/wp-json\/wp\/v2\/tags?post=5729"}],"curies":[{"name":"wp","href":"https:\/\/api.w.org\/{rel}","templated":true}]}}