{"id":5832,"date":"2024-05-05T22:30:03","date_gmt":"2024-05-05T20:30:03","guid":{"rendered":"https:\/\/jarnac-champagne.fr\/?p=5832"},"modified":"2024-05-05T22:30:05","modified_gmt":"2024-05-05T20:30:05","slug":"inauguration-de-la-station-depuration","status":"publish","type":"post","link":"https:\/\/jarnac-champagne.fr\/index.php\/2024\/05\/05\/inauguration-de-la-station-depuration\/","title":{"rendered":"Inauguration de la station d&rsquo;\u00e9puration"},"content":{"rendered":"\n<p>Eau 17 vous invite \u00e0 d\u00e9couvrir le cycle de l&rsquo;eau domestique !<br>Visitez la station d&rsquo;\u00e9puration de<strong><mark style=\"background-color:rgba(0, 0, 0, 0)\" class=\"has-inline-color has-luminous-vivid-orange-color\"> Jarnac-Champagne le jeudi 16 mai \u00e0 18h30.<\/mark><\/strong><br><strong><mark style=\"background-color:rgba(0, 0, 0, 0)\" class=\"has-inline-color has-vivid-cyan-blue-color\">Comprendre le chemin de l&rsquo;eau<\/mark><\/strong><br>De leur utilisation jusqu&rsquo;\u00e0 leur rejet dans le milieu naturel, venez explorer le<br>traitement de vos eaux us\u00e9es. La station d&rsquo;\u00e9puration de Jarnac-Champagne, situ\u00e9e<br>Chemin Perraud, sera exceptionnellement ouverte pour l\u2019occasion.<br><strong><mark style=\"background-color:rgba(0, 0, 0, 0)\" class=\"has-inline-color has-vivid-cyan-blue-color\">Un syst\u00e8me performant et naturel<\/mark><\/strong><br>Mise en service en mai 2023, elle fonctionne sur le principe d&rsquo;\u00e9puration par filtres<br>plant\u00e9s de roseaux. D\u00e9couvrez comment ce syst\u00e8me assainit les eaux us\u00e9es du<br>bourg de Jarnac-Champagne.<br><strong><mark style=\"background-color:rgba(0, 0, 0, 0)\" class=\"has-inline-color has-vivid-cyan-blue-color\">Un enjeu environnemental important<\/mark><\/strong><br>Cet \u00e9v\u00e9nement sera l&rsquo;occasion d&rsquo;aborder les enjeux li\u00e9s au traitement de l&rsquo;eau et de<br>d\u00e9couvrir comment chacun peut contribuer, chez soi, \u00e0 pr\u00e9server la ressource en<br>eau et \u00e0 faciliter son traitement.<br><strong><mark style=\"background-color:rgba(0, 0, 0, 0)\" class=\"has-inline-color has-vivid-cyan-blue-color\">Inauguration de la station<\/mark><\/strong><br>Madame le Maire, Christelle NEAU, le pr\u00e9sident d\u2019Eau 17, Christophe SUEUR,<br>la pr\u00e9sidente du D\u00e9partement Sylvie MARCILLY et le pr\u00e9sident de la Commission<br>Territoriale Haute-Saintonge Centre, Pierre-No\u00ebl ROY, inaugureront la station<br>d\u2019\u00e9puration \u00e0 l\u2019issue de la visite, en pr\u00e9sence des \u00e9lus locaux. <\/p>\n\n\n\n<p>Un pot de l\u2019amiti\u00e9 sera offert pour clore cet \u00e9v\u00e8nement.<br>Informations pratiques<br>* Gratuit et ouvert \u00e0 tous<br>* Station d&rsquo;\u00e9puration de Jarnac-Champagne, Chemin Perraud (<a href=\"https:\/\/www.google.fr\/maps\/place\/45%C2%B033'07.2%22N+0%C2%B023'49.6%22W\/@45.552004,-0.3983177,220m\/data=!3m2!1e3!4b1!4m4!3m3!8m2!3d45.552004!4d-0.3971?coh=210790&amp;entry=tts\">lien google<br>maps<\/a>)<br>* Accueil \u00e0 18h30<\/p>\n\n\n<a href=\"https:\/\/jarnac-champagne.fr\/\/\/wp-content\/uploads\/2024\/05\/Flyer-numerique-VF.pdf\" class=\"pdfemb-viewer\" style=\"\" data-width=\"max\" data-height=\"max\" data-toolbar=\"bottom\" data-toolbar-fixed=\"off\">Flyer-numerique-VF<\/a>\n\n\n<p><em>Cliquer sur les petites fl\u00e8ches pour faire d\u00e9filer le PDF (2 pages).<\/em><\/p>\n","protected":false},"excerpt":{"rendered":"<p>Eau 17 vous invite \u00e0 d\u00e9couvrir le cycle de l&rsquo;eau domestique !Visitez la station d&rsquo;\u00e9puration de Jarnac-Champagne le jeudi 16<\/p>\n","protected":false},"author":1,"featured_media":105,"comment_status":"open","ping_status":"open","sticky":false,"template":"","format":"standard","meta":{"colormag_page_container_layout":"default_layout","colormag_page_sidebar_layout":"default_layout","footnotes":""},"categories":[4],"tags":[],"class_list":["post-5832","post","type-post","status-publish","format-standard","has-post-thumbnail","hentry","category-infos-mairie"],"_links":{"self":[{"href":"https:\/\/jarnac-champagne.fr\/index.php\/wp-json\/wp\/v2\/posts\/5832","targetHints":{"allow":["GET"]}}],"collection":[{"href":"https:\/\/jarnac-champagne.fr\/index.php\/wp-json\/wp\/v2\/posts"}],"about":[{"href":"https:\/\/jarnac-champagne.fr\/index.php\/wp-json\/wp\/v2\/types\/post"}],"author":[{"embeddable":true,"href":"https:\/\/jarnac-champagne.fr\/index.php\/wp-json\/wp\/v2\/users\/1"}],"replies":[{"embeddable":true,"href":"https:\/\/jarnac-champagne.fr\/index.php\/wp-json\/wp\/v2\/comments?post=5832"}],"version-history":[{"count":2,"href":"https:\/\/jarnac-champagne.fr\/index.php\/wp-json\/wp\/v2\/posts\/5832\/revisions"}],"predecessor-version":[{"id":5835,"href":"https:\/\/jarnac-champagne.fr\/index.php\/wp-json\/wp\/v2\/posts\/5832\/revisions\/5835"}],"wp:featuredmedia":[{"embeddable":true,"href":"https:\/\/jarnac-champagne.fr\/index.php\/wp-json\/wp\/v2\/media\/105"}],"wp:attachment":[{"href":"https:\/\/jarnac-champagne.fr\/index.php\/wp-json\/wp\/v2\/media?parent=5832"}],"wp:term":[{"taxonomy":"category","embeddable":true,"href":"https:\/\/jarnac-champagne.fr\/index.php\/wp-json\/wp\/v2\/categories?post=5832"},{"taxonomy":"post_tag","embeddable":true,"href":"https:\/\/jarnac-champagne.fr\/index.php\/wp-json\/wp\/v2\/tags?post=5832"}],"curies":[{"name":"wp","href":"https:\/\/api.w.org\/{rel}","templated":true}]}}