{"id":5848,"date":"2024-05-09T12:53:13","date_gmt":"2024-05-09T10:53:13","guid":{"rendered":"https:\/\/jarnac-champagne.fr\/?p=5848"},"modified":"2024-05-09T12:53:14","modified_gmt":"2024-05-09T10:53:14","slug":"ceremonie-du-08-mai-4","status":"publish","type":"post","link":"https:\/\/jarnac-champagne.fr\/index.php\/2024\/05\/09\/ceremonie-du-08-mai-4\/","title":{"rendered":"C\u00e9r\u00e9monie du 08 mai"},"content":{"rendered":"\n<p>C&rsquo;est sous un soleil radieux que le rassemblement cantonal a eu lieu dans notre commune.<\/p>\n\n\n\n<p>M. le Pr\u00e9sident, <strong><mark style=\"background-color:rgba(0, 0, 0, 0)\" class=\"has-inline-color has-luminous-vivid-amber-color\">Dominique Kischel<\/mark><\/strong>, de la <mark style=\"background-color:rgba(0, 0, 0, 0)\" class=\"has-inline-color has-luminous-vivid-amber-color\">Coordination Cantonale des Anciens Combattants et Victimes de Guerre (CCACVG)<\/mark>, accompagn\u00e9 des porte-drapeaux a men\u00e9 cette c\u00e9r\u00e9monie en pr\u00e9sence de Mme Chantal Guimberteau, Conseill\u00e8re D\u00e9partementale, du Lieutenant S\u00e9bastien Boutillier, Chef du Centre d&rsquo;Incendie et de Secours d&rsquo;Archiac, d&rsquo;\u00e9lus de l&rsquo;ex canton d&rsquo;Archiac et des habitants.<\/p>\n\n\n\n<p>Cette ann\u00e9e, ce sont nos jeunes qui ont \u00e9t\u00e9 mis \u00e0 l&rsquo;honneur et nous pouvons les f\u00e9liciter pour leurs prestations.<\/p>\n\n\n\n<p>5 \u00e9l\u00e8ves de CM ont brillamment proc\u00e9d\u00e9 \u00e0 la lecture du message de l&rsquo;<strong><mark style=\"background-color:rgba(0, 0, 0, 0)\" class=\"has-inline-color has-luminous-vivid-orange-color\">Union Fran\u00e7aise des Associations d&rsquo;Anciens Combattants (UFAC)<\/mark><\/strong> suivis par leurs a\u00een\u00e9s du Conseil Municipal des Enfants pour la lecture du message du Ministre des Arm\u00e9es.<\/p>\n\n\n\n<p>A noter la participation de la chorale \u00ab\u00a0Le Choeur des Vignes\u00a0\u00bb dirig\u00e9e par Anna\u00efg Perraud et pr\u00e9sid\u00e9e par M.Jean-Marie Mass\u00e9<\/p>\n\n\n\n<p>Mme le Maire a remerci\u00e9 les enfants (Antoine, Ilwan, Ma\u00ebl, Margaux, Mathilde)<\/p>\n\n\n\n<p>, leurs enseignantes, les jeunes du CME tous pr\u00e9sents (Abby-Ga\u00eblle, Flavie, S\u00e9ona, Baptiste, Emilien et Florent), les \u00e9lus pr\u00e9sents, l&rsquo;ensemble du Conseil Municipal, les porte-drapeaux, M.Kischel, la chorale \u00ab\u00a0Les Choeur des Vignes\u00a0\u00bb et vous tous pour votre participation \u00e0 cette belle c\u00e9r\u00e9monie. Souvenons-nous !<\/p>\n\n\n\n<figure class=\"wp-block-gallery has-nested-images columns-default is-cropped wp-block-gallery-1 is-layout-flex wp-block-gallery-is-layout-flex\">\n<figure class=\"wp-block-image size-large\"><img loading=\"lazy\" decoding=\"async\" width=\"768\" height=\"1024\" data-id=\"5854\" src=\"https:\/\/jarnac-champagne.fr\/wp-content\/uploads\/2024\/05\/8mai_20241-768x1024.jpg\" alt=\"\" class=\"wp-image-5854\" srcset=\"https:\/\/jarnac-champagne.fr\/wp-content\/uploads\/2024\/05\/8mai_20241-768x1024.jpg 768w, https:\/\/jarnac-champagne.fr\/wp-content\/uploads\/2024\/05\/8mai_20241-225x300.jpg 225w, https:\/\/jarnac-champagne.fr\/wp-content\/uploads\/2024\/05\/8mai_20241-1152x1536.jpg 1152w, https:\/\/jarnac-champagne.fr\/wp-content\/uploads\/2024\/05\/8mai_20241-1320x1760.jpg 1320w, https:\/\/jarnac-champagne.fr\/wp-content\/uploads\/2024\/05\/8mai_20241.jpg 1536w\" sizes=\"auto, (max-width: 768px) 100vw, 768px\" \/><\/figure>\n\n\n\n<figure class=\"wp-block-image size-large\"><img loading=\"lazy\" decoding=\"async\" width=\"768\" height=\"1024\" data-id=\"5852\" src=\"https:\/\/jarnac-champagne.fr\/wp-content\/uploads\/2024\/05\/8mai_20242-768x1024.jpg\" alt=\"\" class=\"wp-image-5852\" srcset=\"https:\/\/jarnac-champagne.fr\/wp-content\/uploads\/2024\/05\/8mai_20242-768x1024.jpg 768w, https:\/\/jarnac-champagne.fr\/wp-content\/uploads\/2024\/05\/8mai_20242-225x300.jpg 225w, https:\/\/jarnac-champagne.fr\/wp-content\/uploads\/2024\/05\/8mai_20242-1152x1536.jpg 1152w, https:\/\/jarnac-champagne.fr\/wp-content\/uploads\/2024\/05\/8mai_20242-1320x1760.jpg 1320w, https:\/\/jarnac-champagne.fr\/wp-content\/uploads\/2024\/05\/8mai_20242.jpg 1536w\" sizes=\"auto, (max-width: 768px) 100vw, 768px\" \/><\/figure>\n\n\n\n<figure class=\"wp-block-image size-large\"><img loading=\"lazy\" decoding=\"async\" width=\"1024\" height=\"768\" data-id=\"5856\" src=\"https:\/\/jarnac-champagne.fr\/wp-content\/uploads\/2024\/05\/8mai_20243-1024x768.jpg\" alt=\"\" class=\"wp-image-5856\" srcset=\"https:\/\/jarnac-champagne.fr\/wp-content\/uploads\/2024\/05\/8mai_20243-1024x768.jpg 1024w, https:\/\/jarnac-champagne.fr\/wp-content\/uploads\/2024\/05\/8mai_20243-300x225.jpg 300w, https:\/\/jarnac-champagne.fr\/wp-content\/uploads\/2024\/05\/8mai_20243-768x576.jpg 768w, https:\/\/jarnac-champagne.fr\/wp-content\/uploads\/2024\/05\/8mai_20243-1536x1152.jpg 1536w, https:\/\/jarnac-champagne.fr\/wp-content\/uploads\/2024\/05\/8mai_20243-1320x990.jpg 1320w, https:\/\/jarnac-champagne.fr\/wp-content\/uploads\/2024\/05\/8mai_20243.jpg 2048w\" sizes=\"auto, (max-width: 1024px) 100vw, 1024px\" \/><\/figure>\n\n\n\n<figure class=\"wp-block-image size-large\"><img loading=\"lazy\" decoding=\"async\" width=\"1024\" height=\"768\" data-id=\"5855\" src=\"https:\/\/jarnac-champagne.fr\/wp-content\/uploads\/2024\/05\/8mai_20244-1024x768.jpg\" alt=\"\" class=\"wp-image-5855\" srcset=\"https:\/\/jarnac-champagne.fr\/wp-content\/uploads\/2024\/05\/8mai_20244-1024x768.jpg 1024w, https:\/\/jarnac-champagne.fr\/wp-content\/uploads\/2024\/05\/8mai_20244-300x225.jpg 300w, https:\/\/jarnac-champagne.fr\/wp-content\/uploads\/2024\/05\/8mai_20244-768x576.jpg 768w, https:\/\/jarnac-champagne.fr\/wp-content\/uploads\/2024\/05\/8mai_20244-1536x1152.jpg 1536w, https:\/\/jarnac-champagne.fr\/wp-content\/uploads\/2024\/05\/8mai_20244-1320x990.jpg 1320w, https:\/\/jarnac-champagne.fr\/wp-content\/uploads\/2024\/05\/8mai_20244.jpg 2048w\" sizes=\"auto, (max-width: 1024px) 100vw, 1024px\" \/><\/figure>\n\n\n\n<figure class=\"wp-block-image size-large\"><img loading=\"lazy\" decoding=\"async\" width=\"768\" height=\"1024\" data-id=\"5853\" src=\"https:\/\/jarnac-champagne.fr\/wp-content\/uploads\/2024\/05\/8mai_20240-768x1024.jpg\" alt=\"\" class=\"wp-image-5853\" srcset=\"https:\/\/jarnac-champagne.fr\/wp-content\/uploads\/2024\/05\/8mai_20240-768x1024.jpg 768w, https:\/\/jarnac-champagne.fr\/wp-content\/uploads\/2024\/05\/8mai_20240-225x300.jpg 225w, https:\/\/jarnac-champagne.fr\/wp-content\/uploads\/2024\/05\/8mai_20240-1152x1536.jpg 1152w, https:\/\/jarnac-champagne.fr\/wp-content\/uploads\/2024\/05\/8mai_20240-1320x1760.jpg 1320w, https:\/\/jarnac-champagne.fr\/wp-content\/uploads\/2024\/05\/8mai_20240.jpg 1536w\" sizes=\"auto, (max-width: 768px) 100vw, 768px\" \/><\/figure>\n<\/figure>\n\n\n\n<figure class=\"wp-block-video\"><video height=\"480\" style=\"aspect-ratio: 848 \/ 480;\" width=\"848\" controls src=\"https:\/\/jarnac-champagne.fr\/\/\/wp-content\/uploads\/2024\/05\/8mai_20245.mp4\"><\/video><figcaption class=\"wp-element-caption\">Le message lu par S\u00e9ona et Emilien.<\/figcaption><\/figure>\n","protected":false},"excerpt":{"rendered":"<p>C&rsquo;est sous un soleil radieux que le rassemblement cantonal a eu lieu dans notre commune. M. le Pr\u00e9sident, Dominique Kischel,<\/p>\n","protected":false},"author":1,"featured_media":4047,"comment_status":"open","ping_status":"open","sticky":false,"template":"","format":"standard","meta":{"colormag_page_container_layout":"default_layout","colormag_page_sidebar_layout":"default_layout","footnotes":""},"categories":[4],"tags":[],"class_list":["post-5848","post","type-post","status-publish","format-standard","has-post-thumbnail","hentry","category-infos-mairie"],"_links":{"self":[{"href":"https:\/\/jarnac-champagne.fr\/index.php\/wp-json\/wp\/v2\/posts\/5848","targetHints":{"allow":["GET"]}}],"collection":[{"href":"https:\/\/jarnac-champagne.fr\/index.php\/wp-json\/wp\/v2\/posts"}],"about":[{"href":"https:\/\/jarnac-champagne.fr\/index.php\/wp-json\/wp\/v2\/types\/post"}],"author":[{"embeddable":true,"href":"https:\/\/jarnac-champagne.fr\/index.php\/wp-json\/wp\/v2\/users\/1"}],"replies":[{"embeddable":true,"href":"https:\/\/jarnac-champagne.fr\/index.php\/wp-json\/wp\/v2\/comments?post=5848"}],"version-history":[{"count":6,"href":"https:\/\/jarnac-champagne.fr\/index.php\/wp-json\/wp\/v2\/posts\/5848\/revisions"}],"predecessor-version":[{"id":5860,"href":"https:\/\/jarnac-champagne.fr\/index.php\/wp-json\/wp\/v2\/posts\/5848\/revisions\/5860"}],"wp:featuredmedia":[{"embeddable":true,"href":"https:\/\/jarnac-champagne.fr\/index.php\/wp-json\/wp\/v2\/media\/4047"}],"wp:attachment":[{"href":"https:\/\/jarnac-champagne.fr\/index.php\/wp-json\/wp\/v2\/media?parent=5848"}],"wp:term":[{"taxonomy":"category","embeddable":true,"href":"https:\/\/jarnac-champagne.fr\/index.php\/wp-json\/wp\/v2\/categories?post=5848"},{"taxonomy":"post_tag","embeddable":true,"href":"https:\/\/jarnac-champagne.fr\/index.php\/wp-json\/wp\/v2\/tags?post=5848"}],"curies":[{"name":"wp","href":"https:\/\/api.w.org\/{rel}","templated":true}]}}