{"id":5976,"date":"2024-06-24T20:53:56","date_gmt":"2024-06-24T18:53:56","guid":{"rendered":"https:\/\/jarnac-champagne.fr\/?p=5976"},"modified":"2024-06-24T20:53:59","modified_gmt":"2024-06-24T18:53:59","slug":"composteurs-partages","status":"publish","type":"post","link":"https:\/\/jarnac-champagne.fr\/index.php\/2024\/06\/24\/composteurs-partages\/","title":{"rendered":"Composteurs partag\u00e9s"},"content":{"rendered":"\n<p>Et voil\u00e0, les composteurs partag\u00e9s fournis et livr\u00e9s par la CDCHS sont en place pour les personnes sans jardin et \u00e0 l&rsquo;\u00e9cole.<\/p>\n\n\n\n<p>4 sites ont \u00e9t\u00e9 retenus, \u00e0 savoir :<\/p>\n\n\n\n<ul class=\"wp-block-list\">\n<li>A l&rsquo;int\u00e9rieur de l&rsquo;\u00e9cole, dans un but p\u00e9dagogique, les \u00e9l\u00e8ves d\u00e9j\u00e0 sensibilis\u00e9s au tri vont poursuivre la d\u00e9marche en compostant les d\u00e9chets de la cantine.<\/li>\n\n\n\n<li>Impasse des G\u00eetes pour desservir les logements communaux sans jardin.<\/li>\n\n\n\n<li>Place de l&rsquo;\u00e9glise (il sera mis en place prochainement)<\/li>\n\n\n\n<li>Rue de Saintonge, sur le parking des logements.<\/li>\n<\/ul>\n\n\n\n<p>Suivez bien les consignes sur les panneaux d&rsquo;information, le broyat sera mis \u00e0 disposition r\u00e9guli\u00e8rement.<\/p>\n\n\n\n<p>Nous sommes \u00e0 la recherche d&rsquo;ambassadeurs qui pourraient surveiller la bonne utilisation ou nous signaler des probl\u00e8mes sur les sites. Des formations sont envisag\u00e9es.<\/p>\n\n\n\n<p>Allez, tout devrait se mettre en place sans difficult\u00e9 avec de la bonne volont\u00e9. On compte sur vous !<\/p>\n\n\n\n<figure class=\"wp-block-gallery has-nested-images columns-default is-cropped wp-block-gallery-1 is-layout-flex wp-block-gallery-is-layout-flex\">\n<figure class=\"wp-block-image size-large\"><img loading=\"lazy\" decoding=\"async\" width=\"991\" height=\"1024\" data-id=\"5981\" src=\"https:\/\/jarnac-champagne.fr\/wp-content\/uploads\/2024\/06\/Composteurs4-991x1024.jpg\" alt=\"\" class=\"wp-image-5981\" srcset=\"https:\/\/jarnac-champagne.fr\/wp-content\/uploads\/2024\/06\/Composteurs4-991x1024.jpg 991w, https:\/\/jarnac-champagne.fr\/wp-content\/uploads\/2024\/06\/Composteurs4-290x300.jpg 290w, https:\/\/jarnac-champagne.fr\/wp-content\/uploads\/2024\/06\/Composteurs4-768x793.jpg 768w, https:\/\/jarnac-champagne.fr\/wp-content\/uploads\/2024\/06\/Composteurs4-1487x1536.jpg 1487w, https:\/\/jarnac-champagne.fr\/wp-content\/uploads\/2024\/06\/Composteurs4-1982x2048.jpg 1982w, https:\/\/jarnac-champagne.fr\/wp-content\/uploads\/2024\/06\/Composteurs4-1320x1364.jpg 1320w\" sizes=\"auto, (max-width: 991px) 100vw, 991px\" \/><\/figure>\n\n\n\n<figure class=\"wp-block-image size-large\"><img loading=\"lazy\" decoding=\"async\" width=\"1024\" height=\"823\" data-id=\"5978\" src=\"https:\/\/jarnac-champagne.fr\/wp-content\/uploads\/2024\/06\/Composteurs0-1024x823.jpg\" alt=\"\" class=\"wp-image-5978\" srcset=\"https:\/\/jarnac-champagne.fr\/wp-content\/uploads\/2024\/06\/Composteurs0-1024x823.jpg 1024w, https:\/\/jarnac-champagne.fr\/wp-content\/uploads\/2024\/06\/Composteurs0-300x241.jpg 300w, https:\/\/jarnac-champagne.fr\/wp-content\/uploads\/2024\/06\/Composteurs0-768x618.jpg 768w, https:\/\/jarnac-champagne.fr\/wp-content\/uploads\/2024\/06\/Composteurs0-1536x1235.jpg 1536w, https:\/\/jarnac-champagne.fr\/wp-content\/uploads\/2024\/06\/Composteurs0-2048x1647.jpg 2048w, https:\/\/jarnac-champagne.fr\/wp-content\/uploads\/2024\/06\/Composteurs0-1320x1062.jpg 1320w\" sizes=\"auto, (max-width: 1024px) 100vw, 1024px\" \/><\/figure>\n\n\n\n<figure class=\"wp-block-image size-large\"><img loading=\"lazy\" decoding=\"async\" width=\"1024\" height=\"771\" data-id=\"5982\" src=\"https:\/\/jarnac-champagne.fr\/wp-content\/uploads\/2024\/06\/Composteurs5-1024x771.jpg\" alt=\"\" class=\"wp-image-5982\" srcset=\"https:\/\/jarnac-champagne.fr\/wp-content\/uploads\/2024\/06\/Composteurs5-1024x771.jpg 1024w, https:\/\/jarnac-champagne.fr\/wp-content\/uploads\/2024\/06\/Composteurs5-300x226.jpg 300w, https:\/\/jarnac-champagne.fr\/wp-content\/uploads\/2024\/06\/Composteurs5-768x578.jpg 768w, https:\/\/jarnac-champagne.fr\/wp-content\/uploads\/2024\/06\/Composteurs5-1536x1157.jpg 1536w, https:\/\/jarnac-champagne.fr\/wp-content\/uploads\/2024\/06\/Composteurs5-2048x1542.jpg 2048w, https:\/\/jarnac-champagne.fr\/wp-content\/uploads\/2024\/06\/Composteurs5-1320x994.jpg 1320w\" sizes=\"auto, (max-width: 1024px) 100vw, 1024px\" \/><\/figure>\n\n\n\n<figure class=\"wp-block-image size-large\"><img loading=\"lazy\" decoding=\"async\" width=\"1024\" height=\"586\" data-id=\"5979\" src=\"https:\/\/jarnac-champagne.fr\/wp-content\/uploads\/2024\/06\/Composteurs3-1024x586.jpg\" alt=\"\" class=\"wp-image-5979\" srcset=\"https:\/\/jarnac-champagne.fr\/wp-content\/uploads\/2024\/06\/Composteurs3-1024x586.jpg 1024w, https:\/\/jarnac-champagne.fr\/wp-content\/uploads\/2024\/06\/Composteurs3-300x172.jpg 300w, https:\/\/jarnac-champagne.fr\/wp-content\/uploads\/2024\/06\/Composteurs3-768x440.jpg 768w, https:\/\/jarnac-champagne.fr\/wp-content\/uploads\/2024\/06\/Composteurs3-1536x879.jpg 1536w, https:\/\/jarnac-champagne.fr\/wp-content\/uploads\/2024\/06\/Composteurs3-2048x1173.jpg 2048w, https:\/\/jarnac-champagne.fr\/wp-content\/uploads\/2024\/06\/Composteurs3-1320x756.jpg 1320w\" sizes=\"auto, (max-width: 1024px) 100vw, 1024px\" \/><\/figure>\n\n\n\n<figure class=\"wp-block-image size-large\"><img loading=\"lazy\" decoding=\"async\" width=\"1024\" height=\"558\" data-id=\"5977\" src=\"https:\/\/jarnac-champagne.fr\/wp-content\/uploads\/2024\/06\/Composteurs2-1024x558.jpg\" alt=\"\" class=\"wp-image-5977\" srcset=\"https:\/\/jarnac-champagne.fr\/wp-content\/uploads\/2024\/06\/Composteurs2-1024x558.jpg 1024w, https:\/\/jarnac-champagne.fr\/wp-content\/uploads\/2024\/06\/Composteurs2-300x163.jpg 300w, https:\/\/jarnac-champagne.fr\/wp-content\/uploads\/2024\/06\/Composteurs2-768x418.jpg 768w, https:\/\/jarnac-champagne.fr\/wp-content\/uploads\/2024\/06\/Composteurs2-1536x837.jpg 1536w, https:\/\/jarnac-champagne.fr\/wp-content\/uploads\/2024\/06\/Composteurs2-2048x1116.jpg 2048w, https:\/\/jarnac-champagne.fr\/wp-content\/uploads\/2024\/06\/Composteurs2-1320x719.jpg 1320w\" sizes=\"auto, (max-width: 1024px) 100vw, 1024px\" \/><\/figure>\n\n\n\n<figure class=\"wp-block-image size-large\"><img loading=\"lazy\" decoding=\"async\" width=\"794\" height=\"1024\" data-id=\"5980\" src=\"https:\/\/jarnac-champagne.fr\/wp-content\/uploads\/2024\/06\/Composteurs1-794x1024.jpg\" alt=\"\" class=\"wp-image-5980\" srcset=\"https:\/\/jarnac-champagne.fr\/wp-content\/uploads\/2024\/06\/Composteurs1-794x1024.jpg 794w, https:\/\/jarnac-champagne.fr\/wp-content\/uploads\/2024\/06\/Composteurs1-233x300.jpg 233w, https:\/\/jarnac-champagne.fr\/wp-content\/uploads\/2024\/06\/Composteurs1-768x991.jpg 768w, https:\/\/jarnac-champagne.fr\/wp-content\/uploads\/2024\/06\/Composteurs1-1191x1536.jpg 1191w, https:\/\/jarnac-champagne.fr\/wp-content\/uploads\/2024\/06\/Composteurs1-1588x2048.jpg 1588w, https:\/\/jarnac-champagne.fr\/wp-content\/uploads\/2024\/06\/Composteurs1-1320x1703.jpg 1320w, https:\/\/jarnac-champagne.fr\/wp-content\/uploads\/2024\/06\/Composteurs1-scaled.jpg 1984w\" sizes=\"auto, (max-width: 794px) 100vw, 794px\" \/><\/figure>\n<\/figure>\n","protected":false},"excerpt":{"rendered":"<p>Et voil\u00e0, les composteurs partag\u00e9s fournis et livr\u00e9s par la CDCHS sont en place pour les personnes sans jardin et<\/p>\n","protected":false},"author":1,"featured_media":550,"comment_status":"open","ping_status":"open","sticky":false,"template":"","format":"standard","meta":{"colormag_page_container_layout":"default_layout","colormag_page_sidebar_layout":"default_layout","footnotes":""},"categories":[4],"tags":[],"class_list":["post-5976","post","type-post","status-publish","format-standard","has-post-thumbnail","hentry","category-infos-mairie"],"_links":{"self":[{"href":"https:\/\/jarnac-champagne.fr\/index.php\/wp-json\/wp\/v2\/posts\/5976","targetHints":{"allow":["GET"]}}],"collection":[{"href":"https:\/\/jarnac-champagne.fr\/index.php\/wp-json\/wp\/v2\/posts"}],"about":[{"href":"https:\/\/jarnac-champagne.fr\/index.php\/wp-json\/wp\/v2\/types\/post"}],"author":[{"embeddable":true,"href":"https:\/\/jarnac-champagne.fr\/index.php\/wp-json\/wp\/v2\/users\/1"}],"replies":[{"embeddable":true,"href":"https:\/\/jarnac-champagne.fr\/index.php\/wp-json\/wp\/v2\/comments?post=5976"}],"version-history":[{"count":1,"href":"https:\/\/jarnac-champagne.fr\/index.php\/wp-json\/wp\/v2\/posts\/5976\/revisions"}],"predecessor-version":[{"id":5983,"href":"https:\/\/jarnac-champagne.fr\/index.php\/wp-json\/wp\/v2\/posts\/5976\/revisions\/5983"}],"wp:featuredmedia":[{"embeddable":true,"href":"https:\/\/jarnac-champagne.fr\/index.php\/wp-json\/wp\/v2\/media\/550"}],"wp:attachment":[{"href":"https:\/\/jarnac-champagne.fr\/index.php\/wp-json\/wp\/v2\/media?parent=5976"}],"wp:term":[{"taxonomy":"category","embeddable":true,"href":"https:\/\/jarnac-champagne.fr\/index.php\/wp-json\/wp\/v2\/categories?post=5976"},{"taxonomy":"post_tag","embeddable":true,"href":"https:\/\/jarnac-champagne.fr\/index.php\/wp-json\/wp\/v2\/tags?post=5976"}],"curies":[{"name":"wp","href":"https:\/\/api.w.org\/{rel}","templated":true}]}}