{"id":6006,"date":"2024-07-08T09:27:34","date_gmt":"2024-07-08T07:27:34","guid":{"rendered":"https:\/\/jarnac-champagne.fr\/?p=6006"},"modified":"2024-07-08T09:27:35","modified_gmt":"2024-07-08T07:27:35","slug":"lassemblee-generale-de-jarnac-planete-haute-saintonge-28-06-24","status":"publish","type":"post","link":"https:\/\/jarnac-champagne.fr\/index.php\/2024\/07\/08\/lassemblee-generale-de-jarnac-planete-haute-saintonge-28-06-24\/","title":{"rendered":"L&rsquo;Assembl\u00e9e G\u00e9n\u00e9rale de \u00ab\u00a0Jarnac Plan\u00e8te\u00a0\u00bb &#8211; Haute-Saintonge &#8211; 28-06-24"},"content":{"rendered":"\n<figure class=\"wp-block-image aligncenter size-full\"><img loading=\"lazy\" decoding=\"async\" width=\"474\" height=\"507\" src=\"https:\/\/jarnac-champagne.fr\/wp-content\/uploads\/2024\/07\/ALSH_28-06-24.png\" alt=\"\" class=\"wp-image-6007\" srcset=\"https:\/\/jarnac-champagne.fr\/wp-content\/uploads\/2024\/07\/ALSH_28-06-24.png 474w, https:\/\/jarnac-champagne.fr\/wp-content\/uploads\/2024\/07\/ALSH_28-06-24-280x300.png 280w\" sizes=\"auto, (max-width: 474px) 100vw, 474px\" \/><\/figure>\n","protected":false},"excerpt":{"rendered":"","protected":false},"author":1,"featured_media":348,"comment_status":"open","ping_status":"open","sticky":false,"template":"","format":"standard","meta":{"colormag_page_container_layout":"default_layout","colormag_page_sidebar_layout":"default_layout","footnotes":""},"categories":[8],"tags":[],"class_list":["post-6006","post","type-post","status-publish","format-standard","has-post-thumbnail","hentry","category-presse"],"_links":{"self":[{"href":"https:\/\/jarnac-champagne.fr\/index.php\/wp-json\/wp\/v2\/posts\/6006","targetHints":{"allow":["GET"]}}],"collection":[{"href":"https:\/\/jarnac-champagne.fr\/index.php\/wp-json\/wp\/v2\/posts"}],"about":[{"href":"https:\/\/jarnac-champagne.fr\/index.php\/wp-json\/wp\/v2\/types\/post"}],"author":[{"embeddable":true,"href":"https:\/\/jarnac-champagne.fr\/index.php\/wp-json\/wp\/v2\/users\/1"}],"replies":[{"embeddable":true,"href":"https:\/\/jarnac-champagne.fr\/index.php\/wp-json\/wp\/v2\/comments?post=6006"}],"version-history":[{"count":1,"href":"https:\/\/jarnac-champagne.fr\/index.php\/wp-json\/wp\/v2\/posts\/6006\/revisions"}],"predecessor-version":[{"id":6008,"href":"https:\/\/jarnac-champagne.fr\/index.php\/wp-json\/wp\/v2\/posts\/6006\/revisions\/6008"}],"wp:featuredmedia":[{"embeddable":true,"href":"https:\/\/jarnac-champagne.fr\/index.php\/wp-json\/wp\/v2\/media\/348"}],"wp:attachment":[{"href":"https:\/\/jarnac-champagne.fr\/index.php\/wp-json\/wp\/v2\/media?parent=6006"}],"wp:term":[{"taxonomy":"category","embeddable":true,"href":"https:\/\/jarnac-champagne.fr\/index.php\/wp-json\/wp\/v2\/categories?post=6006"},{"taxonomy":"post_tag","embeddable":true,"href":"https:\/\/jarnac-champagne.fr\/index.php\/wp-json\/wp\/v2\/tags?post=6006"}],"curies":[{"name":"wp","href":"https:\/\/api.w.org\/{rel}","templated":true}]}}