{"id":6079,"date":"2024-07-22T12:00:32","date_gmt":"2024-07-22T10:00:32","guid":{"rendered":"https:\/\/jarnac-champagne.fr\/?p=6079"},"modified":"2024-07-22T12:05:27","modified_gmt":"2024-07-22T10:05:27","slug":"cinema-en-plein-air","status":"publish","type":"post","link":"https:\/\/jarnac-champagne.fr\/index.php\/2024\/07\/22\/cinema-en-plein-air\/","title":{"rendered":"Cin\u00e9ma en plein air"},"content":{"rendered":"\n<p>La date approche, c&rsquo;est ce DIMANCHE 28 JUILLET et on a d\u00e9cid\u00e9 de vous g\u00e2ter.<\/p>\n\n\n\n<p>En plus du film, vous aurez la possibilit\u00e9 de vous restaurer avec la pr\u00e9sence de 2 food trucks et d&rsquo;une buvette, sans oublier les pop-corns&#8230;<\/p>\n\n\n\n<p>Alors, plus d&rsquo;h\u00e9sitation, apportez une petite laine, vos couverts et venez vous installer confortablement pour une s\u00e9ance de cin\u00e9ma gratuite.<\/p>\n\n\n\n<p><\/p>\n\n\n<a href=\"https:\/\/jarnac-champagne.fr\/\/\/wp-content\/uploads\/2024\/07\/Estivales_Cine_2024.pdf\" class=\"pdfemb-viewer\" style=\"\" data-width=\"max\" data-height=\"max\" data-toolbar=\"bottom\" data-toolbar-fixed=\"off\">Estivales_Cine_2024<\/a>","protected":false},"excerpt":{"rendered":"<p>La date approche, c&rsquo;est ce DIMANCHE 28 JUILLET et on a d\u00e9cid\u00e9 de vous g\u00e2ter. En plus du film, vous<\/p>\n","protected":false},"author":1,"featured_media":757,"comment_status":"open","ping_status":"open","sticky":false,"template":"","format":"standard","meta":{"colormag_page_container_layout":"default_layout","colormag_page_sidebar_layout":"default_layout","footnotes":""},"categories":[9,4],"tags":[],"class_list":["post-6079","post","type-post","status-publish","format-standard","has-post-thumbnail","hentry","category-informations-diverses","category-infos-mairie"],"_links":{"self":[{"href":"https:\/\/jarnac-champagne.fr\/index.php\/wp-json\/wp\/v2\/posts\/6079","targetHints":{"allow":["GET"]}}],"collection":[{"href":"https:\/\/jarnac-champagne.fr\/index.php\/wp-json\/wp\/v2\/posts"}],"about":[{"href":"https:\/\/jarnac-champagne.fr\/index.php\/wp-json\/wp\/v2\/types\/post"}],"author":[{"embeddable":true,"href":"https:\/\/jarnac-champagne.fr\/index.php\/wp-json\/wp\/v2\/users\/1"}],"replies":[{"embeddable":true,"href":"https:\/\/jarnac-champagne.fr\/index.php\/wp-json\/wp\/v2\/comments?post=6079"}],"version-history":[{"count":2,"href":"https:\/\/jarnac-champagne.fr\/index.php\/wp-json\/wp\/v2\/posts\/6079\/revisions"}],"predecessor-version":[{"id":6083,"href":"https:\/\/jarnac-champagne.fr\/index.php\/wp-json\/wp\/v2\/posts\/6079\/revisions\/6083"}],"wp:featuredmedia":[{"embeddable":true,"href":"https:\/\/jarnac-champagne.fr\/index.php\/wp-json\/wp\/v2\/media\/757"}],"wp:attachment":[{"href":"https:\/\/jarnac-champagne.fr\/index.php\/wp-json\/wp\/v2\/media?parent=6079"}],"wp:term":[{"taxonomy":"category","embeddable":true,"href":"https:\/\/jarnac-champagne.fr\/index.php\/wp-json\/wp\/v2\/categories?post=6079"},{"taxonomy":"post_tag","embeddable":true,"href":"https:\/\/jarnac-champagne.fr\/index.php\/wp-json\/wp\/v2\/tags?post=6079"}],"curies":[{"name":"wp","href":"https:\/\/api.w.org\/{rel}","templated":true}]}}