{"id":6236,"date":"2024-09-28T09:28:32","date_gmt":"2024-09-28T07:28:32","guid":{"rendered":"https:\/\/jarnac-champagne.fr\/?p=6236"},"modified":"2024-09-28T09:28:35","modified_gmt":"2024-09-28T07:28:35","slug":"rencontre-avec-nos-commercants","status":"publish","type":"post","link":"https:\/\/jarnac-champagne.fr\/index.php\/2024\/09\/28\/rencontre-avec-nos-commercants\/","title":{"rendered":"Rencontre avec nos commer\u00e7ants"},"content":{"rendered":"\n<p>Comme chaque ann\u00e9e, la municipalit\u00e9 a r\u00e9uni les commer\u00e7ants de la commune. La parole est donn\u00e9e \u00e0 chacun,  c&rsquo;est le moment pour \u00e9voquer les projets et  recueillir leurs demandes. Pour eux, c&rsquo;est l&rsquo;occasion de se retrouver en dehors du travail. Une rencontre fort sympathique et conviviale qui s&rsquo;est achev\u00e9e par le verre de l&rsquo;amiti\u00e9.<\/p>\n\n\n\n<p>Merci \u00e0 vous tous pour votre participation et votre pr\u00e9sence \u00e0 nos c\u00f4t\u00e9s tout au long de l&rsquo;ann\u00e9e.<\/p>\n\n\n\n<p>Nos commerces de proximit\u00e9 sont importants et nous sommes chanceux de les avoir, alors ne les oubliez pas !<\/p>\n\n\n\n<p>La M\u00e9canique Jarnacaise &#8211; V\u00e9nus Coiffure  &#8211; Pharmacie de la Petite Champagne &#8211; Siwan Tha\u00ef Food &#8211; Le Coude \u00e0 Coude &#8211; Le Poisson Bleu &#8211; Fruits &amp; l\u00e9gumes Issy Fra\u00eecheur &#8211; Boucherie Moreau<\/p>\n\n\n\n<p><\/p>\n\n\n\n<figure class=\"wp-block-gallery has-nested-images columns-default is-cropped wp-block-gallery-1 is-layout-flex wp-block-gallery-is-layout-flex\">\n<figure class=\"wp-block-image size-large\"><img loading=\"lazy\" decoding=\"async\" width=\"1024\" height=\"768\" data-id=\"6243\" src=\"https:\/\/jarnac-champagne.fr\/wp-content\/uploads\/2024\/09\/IMG-20240925-WA0002-1024x768.jpg\" alt=\"\" class=\"wp-image-6243\" srcset=\"https:\/\/jarnac-champagne.fr\/wp-content\/uploads\/2024\/09\/IMG-20240925-WA0002-1024x768.jpg 1024w, https:\/\/jarnac-champagne.fr\/wp-content\/uploads\/2024\/09\/IMG-20240925-WA0002-300x225.jpg 300w, https:\/\/jarnac-champagne.fr\/wp-content\/uploads\/2024\/09\/IMG-20240925-WA0002-768x576.jpg 768w, https:\/\/jarnac-champagne.fr\/wp-content\/uploads\/2024\/09\/IMG-20240925-WA0002-1536x1152.jpg 1536w, https:\/\/jarnac-champagne.fr\/wp-content\/uploads\/2024\/09\/IMG-20240925-WA0002-1320x990.jpg 1320w, https:\/\/jarnac-champagne.fr\/wp-content\/uploads\/2024\/09\/IMG-20240925-WA0002.jpg 1600w\" sizes=\"auto, (max-width: 1024px) 100vw, 1024px\" \/><\/figure>\n\n\n\n<figure class=\"wp-block-image size-large\"><img loading=\"lazy\" decoding=\"async\" width=\"1024\" height=\"768\" data-id=\"6241\" src=\"https:\/\/jarnac-champagne.fr\/wp-content\/uploads\/2024\/09\/IMG-20240925-WA0005-1024x768.jpg\" alt=\"\" class=\"wp-image-6241\" srcset=\"https:\/\/jarnac-champagne.fr\/wp-content\/uploads\/2024\/09\/IMG-20240925-WA0005-1024x768.jpg 1024w, https:\/\/jarnac-champagne.fr\/wp-content\/uploads\/2024\/09\/IMG-20240925-WA0005-300x225.jpg 300w, https:\/\/jarnac-champagne.fr\/wp-content\/uploads\/2024\/09\/IMG-20240925-WA0005-768x576.jpg 768w, https:\/\/jarnac-champagne.fr\/wp-content\/uploads\/2024\/09\/IMG-20240925-WA0005-1536x1152.jpg 1536w, https:\/\/jarnac-champagne.fr\/wp-content\/uploads\/2024\/09\/IMG-20240925-WA0005-1320x990.jpg 1320w, https:\/\/jarnac-champagne.fr\/wp-content\/uploads\/2024\/09\/IMG-20240925-WA0005.jpg 1600w\" sizes=\"auto, (max-width: 1024px) 100vw, 1024px\" \/><\/figure>\n\n\n\n<figure class=\"wp-block-image size-large\"><img loading=\"lazy\" decoding=\"async\" width=\"1024\" height=\"768\" data-id=\"6240\" src=\"https:\/\/jarnac-champagne.fr\/wp-content\/uploads\/2024\/09\/IMG-20240925-WA0006-1024x768.jpg\" alt=\"\" class=\"wp-image-6240\" srcset=\"https:\/\/jarnac-champagne.fr\/wp-content\/uploads\/2024\/09\/IMG-20240925-WA0006-1024x768.jpg 1024w, https:\/\/jarnac-champagne.fr\/wp-content\/uploads\/2024\/09\/IMG-20240925-WA0006-300x225.jpg 300w, https:\/\/jarnac-champagne.fr\/wp-content\/uploads\/2024\/09\/IMG-20240925-WA0006-768x576.jpg 768w, https:\/\/jarnac-champagne.fr\/wp-content\/uploads\/2024\/09\/IMG-20240925-WA0006-1536x1152.jpg 1536w, https:\/\/jarnac-champagne.fr\/wp-content\/uploads\/2024\/09\/IMG-20240925-WA0006-1320x990.jpg 1320w, https:\/\/jarnac-champagne.fr\/wp-content\/uploads\/2024\/09\/IMG-20240925-WA0006.jpg 1600w\" sizes=\"auto, (max-width: 1024px) 100vw, 1024px\" \/><\/figure>\n\n\n\n<figure class=\"wp-block-image size-large\"><img loading=\"lazy\" decoding=\"async\" width=\"1024\" height=\"768\" data-id=\"6238\" src=\"https:\/\/jarnac-champagne.fr\/wp-content\/uploads\/2024\/09\/IMG-20240925-WA0007-1024x768.jpg\" alt=\"\" class=\"wp-image-6238\" srcset=\"https:\/\/jarnac-champagne.fr\/wp-content\/uploads\/2024\/09\/IMG-20240925-WA0007-1024x768.jpg 1024w, https:\/\/jarnac-champagne.fr\/wp-content\/uploads\/2024\/09\/IMG-20240925-WA0007-300x225.jpg 300w, https:\/\/jarnac-champagne.fr\/wp-content\/uploads\/2024\/09\/IMG-20240925-WA0007-768x576.jpg 768w, https:\/\/jarnac-champagne.fr\/wp-content\/uploads\/2024\/09\/IMG-20240925-WA0007-1536x1152.jpg 1536w, https:\/\/jarnac-champagne.fr\/wp-content\/uploads\/2024\/09\/IMG-20240925-WA0007-1320x990.jpg 1320w, https:\/\/jarnac-champagne.fr\/wp-content\/uploads\/2024\/09\/IMG-20240925-WA0007.jpg 1600w\" sizes=\"auto, (max-width: 1024px) 100vw, 1024px\" \/><\/figure>\n<\/figure>\n","protected":false},"excerpt":{"rendered":"<p>Comme chaque ann\u00e9e, la municipalit\u00e9 a r\u00e9uni les commer\u00e7ants de la commune. La parole est donn\u00e9e \u00e0 chacun, c&rsquo;est le<\/p>\n","protected":false},"author":1,"featured_media":105,"comment_status":"open","ping_status":"open","sticky":false,"template":"","format":"standard","meta":{"colormag_page_container_layout":"default_layout","colormag_page_sidebar_layout":"default_layout","footnotes":""},"categories":[1],"tags":[],"class_list":["post-6236","post","type-post","status-publish","format-standard","has-post-thumbnail","hentry","category-non-classe"],"_links":{"self":[{"href":"https:\/\/jarnac-champagne.fr\/index.php\/wp-json\/wp\/v2\/posts\/6236","targetHints":{"allow":["GET"]}}],"collection":[{"href":"https:\/\/jarnac-champagne.fr\/index.php\/wp-json\/wp\/v2\/posts"}],"about":[{"href":"https:\/\/jarnac-champagne.fr\/index.php\/wp-json\/wp\/v2\/types\/post"}],"author":[{"embeddable":true,"href":"https:\/\/jarnac-champagne.fr\/index.php\/wp-json\/wp\/v2\/users\/1"}],"replies":[{"embeddable":true,"href":"https:\/\/jarnac-champagne.fr\/index.php\/wp-json\/wp\/v2\/comments?post=6236"}],"version-history":[{"count":2,"href":"https:\/\/jarnac-champagne.fr\/index.php\/wp-json\/wp\/v2\/posts\/6236\/revisions"}],"predecessor-version":[{"id":6246,"href":"https:\/\/jarnac-champagne.fr\/index.php\/wp-json\/wp\/v2\/posts\/6236\/revisions\/6246"}],"wp:featuredmedia":[{"embeddable":true,"href":"https:\/\/jarnac-champagne.fr\/index.php\/wp-json\/wp\/v2\/media\/105"}],"wp:attachment":[{"href":"https:\/\/jarnac-champagne.fr\/index.php\/wp-json\/wp\/v2\/media?parent=6236"}],"wp:term":[{"taxonomy":"category","embeddable":true,"href":"https:\/\/jarnac-champagne.fr\/index.php\/wp-json\/wp\/v2\/categories?post=6236"},{"taxonomy":"post_tag","embeddable":true,"href":"https:\/\/jarnac-champagne.fr\/index.php\/wp-json\/wp\/v2\/tags?post=6236"}],"curies":[{"name":"wp","href":"https:\/\/api.w.org\/{rel}","templated":true}]}}