{"id":639,"date":"2020-07-04T18:13:39","date_gmt":"2020-07-04T16:13:39","guid":{"rendered":"https:\/\/jarnac-champagne.fr\/\/\/?p=639"},"modified":"2020-07-04T18:13:41","modified_gmt":"2020-07-04T16:13:41","slug":"permanence-dechets-verts","status":"publish","type":"post","link":"https:\/\/jarnac-champagne.fr\/index.php\/2020\/07\/04\/permanence-dechets-verts\/","title":{"rendered":"Permanence d\u00e9chets verts"},"content":{"rendered":"\n<p>C&rsquo;est sous un beau soleil qu&rsquo;a eu lieu ce matin, la premi\u00e8re permanence, tenue par des \u00e9lus, sur le site pr\u00e9vu \u00e0 cet effet.<\/p>\n\n\n\n<p>Une dizaine de personnes est venue d\u00e9poser tonte et taille de haies et branches. Un nouveau service qui semble tr\u00e8s appr\u00e9ci\u00e9. On vous donne rendez-vous le mois prochain. <strong>SAMEDI 01 ao\u00fbt<\/strong>.<\/p>\n\n\n\n<figure class=\"wp-block-gallery columns-3 is-cropped wp-block-gallery-1 is-layout-flex wp-block-gallery-is-layout-flex\"><ul class=\"blocks-gallery-grid\"><li class=\"blocks-gallery-item\"><figure><img loading=\"lazy\" decoding=\"async\" width=\"1024\" height=\"895\" src=\"https:\/\/jarnac-champagne.fr\/\/\/wp-content\/uploads\/2020\/07\/Dechets_Juillet_20201.jpg\" alt=\"\" data-id=\"640\" data-full-url=\"https:\/\/jarnac-champagne.fr\/\/\/wp-content\/uploads\/2020\/07\/Dechets_Juillet_20201.jpg\" data-link=\"https:\/\/jarnac-champagne.fr\/\/\/?attachment_id=640\" class=\"wp-image-640\" srcset=\"https:\/\/jarnac-champagne.fr\/wp-content\/uploads\/2020\/07\/Dechets_Juillet_20201.jpg 1024w, https:\/\/jarnac-champagne.fr\/wp-content\/uploads\/2020\/07\/Dechets_Juillet_20201-300x262.jpg 300w, https:\/\/jarnac-champagne.fr\/wp-content\/uploads\/2020\/07\/Dechets_Juillet_20201-768x671.jpg 768w\" sizes=\"auto, (max-width: 1024px) 100vw, 1024px\" \/><\/figure><\/li><li class=\"blocks-gallery-item\"><figure><img loading=\"lazy\" decoding=\"async\" width=\"892\" height=\"1024\" src=\"https:\/\/jarnac-champagne.fr\/\/\/wp-content\/uploads\/2020\/07\/Dechets_Juillet_20202.jpg\" alt=\"\" data-id=\"641\" data-full-url=\"https:\/\/jarnac-champagne.fr\/\/\/wp-content\/uploads\/2020\/07\/Dechets_Juillet_20202.jpg\" data-link=\"https:\/\/jarnac-champagne.fr\/\/\/?attachment_id=641\" class=\"wp-image-641\" srcset=\"https:\/\/jarnac-champagne.fr\/wp-content\/uploads\/2020\/07\/Dechets_Juillet_20202.jpg 892w, https:\/\/jarnac-champagne.fr\/wp-content\/uploads\/2020\/07\/Dechets_Juillet_20202-261x300.jpg 261w, https:\/\/jarnac-champagne.fr\/wp-content\/uploads\/2020\/07\/Dechets_Juillet_20202-768x882.jpg 768w\" sizes=\"auto, (max-width: 892px) 100vw, 892px\" \/><\/figure><\/li><li class=\"blocks-gallery-item\"><figure><img loading=\"lazy\" decoding=\"async\" width=\"773\" height=\"1024\" src=\"https:\/\/jarnac-champagne.fr\/\/\/wp-content\/uploads\/2020\/07\/Dechets_Juillet_20203.jpg\" alt=\"\" data-id=\"642\" data-full-url=\"https:\/\/jarnac-champagne.fr\/\/\/wp-content\/uploads\/2020\/07\/Dechets_Juillet_20203.jpg\" data-link=\"https:\/\/jarnac-champagne.fr\/\/\/?attachment_id=642\" class=\"wp-image-642\" srcset=\"https:\/\/jarnac-champagne.fr\/wp-content\/uploads\/2020\/07\/Dechets_Juillet_20203.jpg 773w, https:\/\/jarnac-champagne.fr\/wp-content\/uploads\/2020\/07\/Dechets_Juillet_20203-226x300.jpg 226w, https:\/\/jarnac-champagne.fr\/wp-content\/uploads\/2020\/07\/Dechets_Juillet_20203-768x1017.jpg 768w\" sizes=\"auto, (max-width: 773px) 100vw, 773px\" \/><\/figure><\/li><\/ul><\/figure>\n","protected":false},"excerpt":{"rendered":"<p>C&rsquo;est sous un beau soleil qu&rsquo;a eu lieu ce matin, la premi\u00e8re permanence, tenue par des \u00e9lus, sur le site<\/p>\n","protected":false},"author":1,"featured_media":105,"comment_status":"open","ping_status":"open","sticky":false,"template":"","format":"standard","meta":{"colormag_page_container_layout":"default_layout","colormag_page_sidebar_layout":"default_layout","footnotes":""},"categories":[4],"tags":[],"class_list":["post-639","post","type-post","status-publish","format-standard","has-post-thumbnail","hentry","category-infos-mairie"],"_links":{"self":[{"href":"https:\/\/jarnac-champagne.fr\/index.php\/wp-json\/wp\/v2\/posts\/639","targetHints":{"allow":["GET"]}}],"collection":[{"href":"https:\/\/jarnac-champagne.fr\/index.php\/wp-json\/wp\/v2\/posts"}],"about":[{"href":"https:\/\/jarnac-champagne.fr\/index.php\/wp-json\/wp\/v2\/types\/post"}],"author":[{"embeddable":true,"href":"https:\/\/jarnac-champagne.fr\/index.php\/wp-json\/wp\/v2\/users\/1"}],"replies":[{"embeddable":true,"href":"https:\/\/jarnac-champagne.fr\/index.php\/wp-json\/wp\/v2\/comments?post=639"}],"version-history":[{"count":1,"href":"https:\/\/jarnac-champagne.fr\/index.php\/wp-json\/wp\/v2\/posts\/639\/revisions"}],"predecessor-version":[{"id":643,"href":"https:\/\/jarnac-champagne.fr\/index.php\/wp-json\/wp\/v2\/posts\/639\/revisions\/643"}],"wp:featuredmedia":[{"embeddable":true,"href":"https:\/\/jarnac-champagne.fr\/index.php\/wp-json\/wp\/v2\/media\/105"}],"wp:attachment":[{"href":"https:\/\/jarnac-champagne.fr\/index.php\/wp-json\/wp\/v2\/media?parent=639"}],"wp:term":[{"taxonomy":"category","embeddable":true,"href":"https:\/\/jarnac-champagne.fr\/index.php\/wp-json\/wp\/v2\/categories?post=639"},{"taxonomy":"post_tag","embeddable":true,"href":"https:\/\/jarnac-champagne.fr\/index.php\/wp-json\/wp\/v2\/tags?post=639"}],"curies":[{"name":"wp","href":"https:\/\/api.w.org\/{rel}","templated":true}]}}