{"id":6392,"date":"2024-10-11T22:05:35","date_gmt":"2024-10-11T20:05:35","guid":{"rendered":"https:\/\/jarnac-champagne.fr\/?p=6392"},"modified":"2024-10-11T22:05:36","modified_gmt":"2024-10-11T20:05:36","slug":"aurores-boreales","status":"publish","type":"post","link":"https:\/\/jarnac-champagne.fr\/index.php\/2024\/10\/11\/aurores-boreales\/","title":{"rendered":"Aurores bor\u00e9ales"},"content":{"rendered":"\n<p>Et non, vous ne r\u00eavez pas ! Ces magnifiques aurores bor\u00e9ales \u00e9taient pr\u00e9sentes dans le <strong><mark style=\"background-color:rgba(0, 0, 0, 0)\" class=\"has-inline-color has-luminous-vivid-orange-color\">ciel jarnacais<\/mark><\/strong>. Bon nombre  d&rsquo;entre nous n&rsquo;ont pas eu cette chance, nous \u00e9tions dans les bras de Morph\u00e9e.<\/p>\n\n\n\n<p><strong><mark style=\"background-color:rgba(0, 0, 0, 0)\" class=\"has-inline-color has-vivid-red-color\">J\u00e9r\u00f4me Schieser, Conseiller Municipal, <\/mark><\/strong>vous offre ces belles photos. Comme quoi, les horaires de travail atypiques ont du bon parfois&#8230;<\/p>\n\n\n\n<p>Merci J\u00e9r\u00f4me et f\u00e9licitations pour ces beaux clich\u00e9s captur\u00e9s dans la <strong><mark style=\"background-color:rgba(0, 0, 0, 0)\" class=\"has-inline-color has-light-green-cyan-color\">nuit de jeudi 10\/10 \u00e0 vendredi 11\/10 \u00e0 2h du matin.<\/mark><\/strong><\/p>\n\n\n\n<figure class=\"wp-block-gallery has-nested-images columns-default is-cropped wp-block-gallery-1 is-layout-flex wp-block-gallery-is-layout-flex\">\n<figure class=\"wp-block-image size-large\"><img loading=\"lazy\" decoding=\"async\" width=\"1024\" height=\"768\" data-id=\"6394\" src=\"https:\/\/jarnac-champagne.fr\/wp-content\/uploads\/2024\/10\/Aurores_Boreales_10-10-240-1024x768.jpg\" alt=\"\" class=\"wp-image-6394\" srcset=\"https:\/\/jarnac-champagne.fr\/wp-content\/uploads\/2024\/10\/Aurores_Boreales_10-10-240-1024x768.jpg 1024w, https:\/\/jarnac-champagne.fr\/wp-content\/uploads\/2024\/10\/Aurores_Boreales_10-10-240-300x225.jpg 300w, https:\/\/jarnac-champagne.fr\/wp-content\/uploads\/2024\/10\/Aurores_Boreales_10-10-240-768x576.jpg 768w, https:\/\/jarnac-champagne.fr\/wp-content\/uploads\/2024\/10\/Aurores_Boreales_10-10-240-1536x1152.jpg 1536w, https:\/\/jarnac-champagne.fr\/wp-content\/uploads\/2024\/10\/Aurores_Boreales_10-10-240-2048x1536.jpg 2048w, https:\/\/jarnac-champagne.fr\/wp-content\/uploads\/2024\/10\/Aurores_Boreales_10-10-240-1320x990.jpg 1320w\" sizes=\"auto, (max-width: 1024px) 100vw, 1024px\" \/><\/figure>\n\n\n\n<figure class=\"wp-block-image size-large\"><img loading=\"lazy\" decoding=\"async\" width=\"768\" height=\"1024\" data-id=\"6395\" src=\"https:\/\/jarnac-champagne.fr\/wp-content\/uploads\/2024\/10\/Aurores_Boreales_10-10-241-768x1024.jpg\" alt=\"\" class=\"wp-image-6395\" srcset=\"https:\/\/jarnac-champagne.fr\/wp-content\/uploads\/2024\/10\/Aurores_Boreales_10-10-241-768x1024.jpg 768w, https:\/\/jarnac-champagne.fr\/wp-content\/uploads\/2024\/10\/Aurores_Boreales_10-10-241-225x300.jpg 225w, https:\/\/jarnac-champagne.fr\/wp-content\/uploads\/2024\/10\/Aurores_Boreales_10-10-241-1152x1536.jpg 1152w, https:\/\/jarnac-champagne.fr\/wp-content\/uploads\/2024\/10\/Aurores_Boreales_10-10-241-1536x2048.jpg 1536w, https:\/\/jarnac-champagne.fr\/wp-content\/uploads\/2024\/10\/Aurores_Boreales_10-10-241-1320x1760.jpg 1320w, https:\/\/jarnac-champagne.fr\/wp-content\/uploads\/2024\/10\/Aurores_Boreales_10-10-241-scaled.jpg 1920w\" sizes=\"auto, (max-width: 768px) 100vw, 768px\" \/><\/figure>\n\n\n\n<figure class=\"wp-block-image size-large\"><img loading=\"lazy\" decoding=\"async\" width=\"1024\" height=\"768\" data-id=\"6397\" src=\"https:\/\/jarnac-champagne.fr\/wp-content\/uploads\/2024\/10\/Aurores_Boreales_10-10-242-1024x768.jpg\" alt=\"\" class=\"wp-image-6397\" srcset=\"https:\/\/jarnac-champagne.fr\/wp-content\/uploads\/2024\/10\/Aurores_Boreales_10-10-242-1024x768.jpg 1024w, https:\/\/jarnac-champagne.fr\/wp-content\/uploads\/2024\/10\/Aurores_Boreales_10-10-242-300x225.jpg 300w, https:\/\/jarnac-champagne.fr\/wp-content\/uploads\/2024\/10\/Aurores_Boreales_10-10-242-768x576.jpg 768w, https:\/\/jarnac-champagne.fr\/wp-content\/uploads\/2024\/10\/Aurores_Boreales_10-10-242-1536x1152.jpg 1536w, https:\/\/jarnac-champagne.fr\/wp-content\/uploads\/2024\/10\/Aurores_Boreales_10-10-242-2048x1536.jpg 2048w, https:\/\/jarnac-champagne.fr\/wp-content\/uploads\/2024\/10\/Aurores_Boreales_10-10-242-1320x990.jpg 1320w\" sizes=\"auto, (max-width: 1024px) 100vw, 1024px\" \/><\/figure>\n\n\n\n<figure class=\"wp-block-image size-large\"><img loading=\"lazy\" decoding=\"async\" width=\"1024\" height=\"768\" data-id=\"6393\" src=\"https:\/\/jarnac-champagne.fr\/wp-content\/uploads\/2024\/10\/Aurores_Boreales_10-10-243-1024x768.jpg\" alt=\"\" class=\"wp-image-6393\" srcset=\"https:\/\/jarnac-champagne.fr\/wp-content\/uploads\/2024\/10\/Aurores_Boreales_10-10-243-1024x768.jpg 1024w, https:\/\/jarnac-champagne.fr\/wp-content\/uploads\/2024\/10\/Aurores_Boreales_10-10-243-300x225.jpg 300w, https:\/\/jarnac-champagne.fr\/wp-content\/uploads\/2024\/10\/Aurores_Boreales_10-10-243-768x576.jpg 768w, https:\/\/jarnac-champagne.fr\/wp-content\/uploads\/2024\/10\/Aurores_Boreales_10-10-243-1536x1152.jpg 1536w, https:\/\/jarnac-champagne.fr\/wp-content\/uploads\/2024\/10\/Aurores_Boreales_10-10-243-2048x1536.jpg 2048w, https:\/\/jarnac-champagne.fr\/wp-content\/uploads\/2024\/10\/Aurores_Boreales_10-10-243-1320x990.jpg 1320w\" sizes=\"auto, (max-width: 1024px) 100vw, 1024px\" \/><\/figure>\n\n\n\n<figure class=\"wp-block-image size-large\"><img loading=\"lazy\" decoding=\"async\" width=\"1024\" height=\"768\" data-id=\"6396\" src=\"https:\/\/jarnac-champagne.fr\/wp-content\/uploads\/2024\/10\/Aurores_Boreales_10-10-244-1024x768.jpg\" alt=\"\" class=\"wp-image-6396\" srcset=\"https:\/\/jarnac-champagne.fr\/wp-content\/uploads\/2024\/10\/Aurores_Boreales_10-10-244-1024x768.jpg 1024w, https:\/\/jarnac-champagne.fr\/wp-content\/uploads\/2024\/10\/Aurores_Boreales_10-10-244-300x225.jpg 300w, https:\/\/jarnac-champagne.fr\/wp-content\/uploads\/2024\/10\/Aurores_Boreales_10-10-244-768x576.jpg 768w, https:\/\/jarnac-champagne.fr\/wp-content\/uploads\/2024\/10\/Aurores_Boreales_10-10-244-1536x1152.jpg 1536w, https:\/\/jarnac-champagne.fr\/wp-content\/uploads\/2024\/10\/Aurores_Boreales_10-10-244-2048x1536.jpg 2048w, https:\/\/jarnac-champagne.fr\/wp-content\/uploads\/2024\/10\/Aurores_Boreales_10-10-244-1320x990.jpg 1320w\" sizes=\"auto, (max-width: 1024px) 100vw, 1024px\" \/><\/figure>\n\n\n\n<figure class=\"wp-block-image size-large\"><img loading=\"lazy\" decoding=\"async\" width=\"1024\" height=\"768\" data-id=\"6398\" src=\"https:\/\/jarnac-champagne.fr\/wp-content\/uploads\/2024\/10\/Aurores_Boreales_10-10-245-1024x768.jpg\" alt=\"\" class=\"wp-image-6398\" srcset=\"https:\/\/jarnac-champagne.fr\/wp-content\/uploads\/2024\/10\/Aurores_Boreales_10-10-245-1024x768.jpg 1024w, https:\/\/jarnac-champagne.fr\/wp-content\/uploads\/2024\/10\/Aurores_Boreales_10-10-245-300x225.jpg 300w, https:\/\/jarnac-champagne.fr\/wp-content\/uploads\/2024\/10\/Aurores_Boreales_10-10-245-768x576.jpg 768w, https:\/\/jarnac-champagne.fr\/wp-content\/uploads\/2024\/10\/Aurores_Boreales_10-10-245-1536x1152.jpg 1536w, https:\/\/jarnac-champagne.fr\/wp-content\/uploads\/2024\/10\/Aurores_Boreales_10-10-245-2048x1536.jpg 2048w, https:\/\/jarnac-champagne.fr\/wp-content\/uploads\/2024\/10\/Aurores_Boreales_10-10-245-1320x990.jpg 1320w\" sizes=\"auto, (max-width: 1024px) 100vw, 1024px\" \/><\/figure>\n<\/figure>\n","protected":false},"excerpt":{"rendered":"<p>Et non, vous ne r\u00eavez pas ! Ces magnifiques aurores bor\u00e9ales \u00e9taient pr\u00e9sentes dans le ciel jarnacais. Bon nombre d&rsquo;entre<\/p>\n","protected":false},"author":1,"featured_media":105,"comment_status":"open","ping_status":"open","sticky":false,"template":"","format":"standard","meta":{"colormag_page_container_layout":"default_layout","colormag_page_sidebar_layout":"default_layout","footnotes":""},"categories":[4],"tags":[],"class_list":["post-6392","post","type-post","status-publish","format-standard","has-post-thumbnail","hentry","category-infos-mairie"],"_links":{"self":[{"href":"https:\/\/jarnac-champagne.fr\/index.php\/wp-json\/wp\/v2\/posts\/6392","targetHints":{"allow":["GET"]}}],"collection":[{"href":"https:\/\/jarnac-champagne.fr\/index.php\/wp-json\/wp\/v2\/posts"}],"about":[{"href":"https:\/\/jarnac-champagne.fr\/index.php\/wp-json\/wp\/v2\/types\/post"}],"author":[{"embeddable":true,"href":"https:\/\/jarnac-champagne.fr\/index.php\/wp-json\/wp\/v2\/users\/1"}],"replies":[{"embeddable":true,"href":"https:\/\/jarnac-champagne.fr\/index.php\/wp-json\/wp\/v2\/comments?post=6392"}],"version-history":[{"count":1,"href":"https:\/\/jarnac-champagne.fr\/index.php\/wp-json\/wp\/v2\/posts\/6392\/revisions"}],"predecessor-version":[{"id":6400,"href":"https:\/\/jarnac-champagne.fr\/index.php\/wp-json\/wp\/v2\/posts\/6392\/revisions\/6400"}],"wp:featuredmedia":[{"embeddable":true,"href":"https:\/\/jarnac-champagne.fr\/index.php\/wp-json\/wp\/v2\/media\/105"}],"wp:attachment":[{"href":"https:\/\/jarnac-champagne.fr\/index.php\/wp-json\/wp\/v2\/media?parent=6392"}],"wp:term":[{"taxonomy":"category","embeddable":true,"href":"https:\/\/jarnac-champagne.fr\/index.php\/wp-json\/wp\/v2\/categories?post=6392"},{"taxonomy":"post_tag","embeddable":true,"href":"https:\/\/jarnac-champagne.fr\/index.php\/wp-json\/wp\/v2\/tags?post=6392"}],"curies":[{"name":"wp","href":"https:\/\/api.w.org\/{rel}","templated":true}]}}