{"id":6526,"date":"2024-11-09T22:03:26","date_gmt":"2024-11-09T21:03:26","guid":{"rendered":"https:\/\/jarnac-champagne.fr\/?p=6526"},"modified":"2024-11-09T22:03:28","modified_gmt":"2024-11-09T21:03:28","slug":"animation-cuisiner-le-vegetal","status":"publish","type":"post","link":"https:\/\/jarnac-champagne.fr\/index.php\/2024\/11\/09\/animation-cuisiner-le-vegetal\/","title":{"rendered":"Animation \u00ab\u00a0Cuisiner le v\u00e9g\u00e9tal\u00a0\u00bb"},"content":{"rendered":"\n<p><\/p>\n\n\n\n<p>Animation par le chef J\u00e9r\u00e9mie DEBERQUE dans la salle fra\u00eechement r\u00e9nov\u00e9e du \u00ab\u00a0Coude \u00e0 Coude\u00a0\u00bb<br><\/p>\n\n\n\n<figure class=\"wp-block-image aligncenter size-large\"><img loading=\"lazy\" decoding=\"async\" width=\"724\" height=\"1024\" src=\"https:\/\/jarnac-champagne.fr\/wp-content\/uploads\/2024\/11\/Affiche-Cuisiner-Le-Vegetal-Samedi-23-Novembre-724x1024.jpg\" alt=\"\" class=\"wp-image-6527\" srcset=\"https:\/\/jarnac-champagne.fr\/wp-content\/uploads\/2024\/11\/Affiche-Cuisiner-Le-Vegetal-Samedi-23-Novembre-724x1024.jpg 724w, https:\/\/jarnac-champagne.fr\/wp-content\/uploads\/2024\/11\/Affiche-Cuisiner-Le-Vegetal-Samedi-23-Novembre-212x300.jpg 212w, https:\/\/jarnac-champagne.fr\/wp-content\/uploads\/2024\/11\/Affiche-Cuisiner-Le-Vegetal-Samedi-23-Novembre-768x1086.jpg 768w, https:\/\/jarnac-champagne.fr\/wp-content\/uploads\/2024\/11\/Affiche-Cuisiner-Le-Vegetal-Samedi-23-Novembre-1086x1536.jpg 1086w, https:\/\/jarnac-champagne.fr\/wp-content\/uploads\/2024\/11\/Affiche-Cuisiner-Le-Vegetal-Samedi-23-Novembre-1448x2048.jpg 1448w, https:\/\/jarnac-champagne.fr\/wp-content\/uploads\/2024\/11\/Affiche-Cuisiner-Le-Vegetal-Samedi-23-Novembre-1320x1867.jpg 1320w, https:\/\/jarnac-champagne.fr\/wp-content\/uploads\/2024\/11\/Affiche-Cuisiner-Le-Vegetal-Samedi-23-Novembre-scaled.jpg 1810w\" sizes=\"auto, (max-width: 724px) 100vw, 724px\" \/><\/figure>\n","protected":false},"excerpt":{"rendered":"<p>Animation par le chef J\u00e9r\u00e9mie DEBERQUE dans la salle fra\u00eechement r\u00e9nov\u00e9e du \u00ab\u00a0Coude \u00e0 Coude\u00a0\u00bb<\/p>\n","protected":false},"author":1,"featured_media":104,"comment_status":"open","ping_status":"open","sticky":false,"template":"","format":"standard","meta":{"colormag_page_container_layout":"default_layout","colormag_page_sidebar_layout":"default_layout","footnotes":""},"categories":[3,19],"tags":[],"class_list":["post-6526","post","type-post","status-publish","format-standard","has-post-thumbnail","hentry","category-bibliotheque","category-commerces"],"_links":{"self":[{"href":"https:\/\/jarnac-champagne.fr\/index.php\/wp-json\/wp\/v2\/posts\/6526","targetHints":{"allow":["GET"]}}],"collection":[{"href":"https:\/\/jarnac-champagne.fr\/index.php\/wp-json\/wp\/v2\/posts"}],"about":[{"href":"https:\/\/jarnac-champagne.fr\/index.php\/wp-json\/wp\/v2\/types\/post"}],"author":[{"embeddable":true,"href":"https:\/\/jarnac-champagne.fr\/index.php\/wp-json\/wp\/v2\/users\/1"}],"replies":[{"embeddable":true,"href":"https:\/\/jarnac-champagne.fr\/index.php\/wp-json\/wp\/v2\/comments?post=6526"}],"version-history":[{"count":1,"href":"https:\/\/jarnac-champagne.fr\/index.php\/wp-json\/wp\/v2\/posts\/6526\/revisions"}],"predecessor-version":[{"id":6528,"href":"https:\/\/jarnac-champagne.fr\/index.php\/wp-json\/wp\/v2\/posts\/6526\/revisions\/6528"}],"wp:featuredmedia":[{"embeddable":true,"href":"https:\/\/jarnac-champagne.fr\/index.php\/wp-json\/wp\/v2\/media\/104"}],"wp:attachment":[{"href":"https:\/\/jarnac-champagne.fr\/index.php\/wp-json\/wp\/v2\/media?parent=6526"}],"wp:term":[{"taxonomy":"category","embeddable":true,"href":"https:\/\/jarnac-champagne.fr\/index.php\/wp-json\/wp\/v2\/categories?post=6526"},{"taxonomy":"post_tag","embeddable":true,"href":"https:\/\/jarnac-champagne.fr\/index.php\/wp-json\/wp\/v2\/tags?post=6526"}],"curies":[{"name":"wp","href":"https:\/\/api.w.org\/{rel}","templated":true}]}}