{"id":6532,"date":"2024-11-09T22:31:06","date_gmt":"2024-11-09T21:31:06","guid":{"rendered":"https:\/\/jarnac-champagne.fr\/?p=6532"},"modified":"2024-11-09T22:31:08","modified_gmt":"2024-11-09T21:31:08","slug":"bus-de-lea-et-maison-avenir-lundi-18-novembre","status":"publish","type":"post","link":"https:\/\/jarnac-champagne.fr\/index.php\/2024\/11\/09\/bus-de-lea-et-maison-avenir-lundi-18-novembre\/","title":{"rendered":"Bus de L\u00e9a et Maison A&rsquo;VENIR : LUNDI 18 NOVEMBRE"},"content":{"rendered":"\n<p><mark style=\"background-color:rgba(0, 0, 0, 0)\" class=\"has-inline-color has-luminous-vivid-amber-color\"><strong>Le 18 novembre 2024<\/strong>, en partenariat avec la mairie de Jarnac<\/mark><strong><mark style=\"background-color:rgba(0, 0, 0, 0)\" class=\"has-inline-color has-luminous-vivid-amber-color\">&#8211;<\/mark><\/strong><strong><mark style=\"background-color:rgba(0, 0, 0, 0)\" class=\"has-inline-color has-luminous-vivid-amber-color\">Champagne, c&rsquo;est la journ\u00e9e \u00e0 ne rater sous aucun pr\u00e9texte !<\/mark><\/strong><\/p>\n\n\n\n<h2 class=\"wp-block-heading\">D<mark style=\"background-color:rgba(0, 0, 0, 0)\" class=\"has-inline-color has-pale-pink-color\">eux dispositifs seront pr\u00e9sents <strong>place de la mairie<\/strong><\/mark><\/h2>\n\n\n\n<h2 class=\"wp-block-heading\"><strong><mark style=\"background-color:rgba(0, 0, 0, 0)\" class=\"has-inline-color has-vivid-cyan-blue-color\">LE BUS DE LEA de 9h \u00e0 16h<\/mark><\/strong><\/h2>\n\n\n\n<p><strong>Le d\u00e9partement de la Charente Maritime <\/strong>souhaite soutenir les aidants en allant \u00e0 leur rencontre, pour les informer et les sensibiliser de tous les dispositifs d\u2019aides existants sur le territoire lorsque vous aidez quotidiennement un proche fragilis\u00e9 par la maladie, le handicap et ou le grand \u00e2ge.<\/p>\n\n\n\n<p>Vous serez accueilli(e) par le <strong>coordonnateur autonomie<\/strong>&nbsp;de votre secteur Mme Sanz, des <strong>partenaires locaux<\/strong>&nbsp;et <strong>l\u2019\u00e9quipe d\u2019expert de La Maison de LEA<\/strong>, dans un espace convivial et confidentiel.&nbsp;<\/p>\n\n\n\n<h2 class=\"wp-block-heading\"><strong><mark style=\"background-color:rgba(0, 0, 0, 0)\" class=\"has-inline-color has-vivid-green-cyan-color\">MA MAISON A\u2019VENIR de 13h30 \u00e0 16h30<\/mark><\/strong><\/h2>\n\n\n\n<p><strong>Des id\u00e9es pour bien vieillir chez moi<\/strong><\/p>\n\n\n\n<p>Le camion Ma Maison A\u2019Venir se d\u00e9ploie de chaque c\u00f4t\u00e9, repr\u00e9sentant au final une maison miniature. On y retrouve les principales pi\u00e8ces de la maison : cuisine, salon, chambre et salle de bains. Durant la visite, les intervenants proposent :<\/p>\n\n\n\n<p>\u2022 l\u2019identification de points sensibles pr\u00e9sents au domicile (int\u00e9rieur comme ext\u00e9rieur)<\/p>\n\n\n\n<p>\u2022 des conseils pratiques sur des am\u00e9nagements, des contacts pour b\u00e9n\u00e9ficier d\u2019aides techniques<\/p>\n\n\n\n<p>\u2022 une documentation gratuite qui reprend les \u00e9l\u00e9ments de la visite<\/p>\n\n\n\n<p><strong>Deux professionnels de ReSant\u00e9-Vous (entreprise sp\u00e9cialis\u00e9e dans l\u2019aide aux personnes \u00e2g\u00e9es) <\/strong>sont pr\u00e9sents pour accueillir et pr\u00e9senter Ma Maison A\u2019Venir<\/p>\n\n\n\n<p><strong>Le charg\u00e9 de pr\u00e9vention<\/strong>&nbsp;: Il assure des conseils pour soutenir l\u2019autonomie des personnes \u00e0 domicile.<\/p>\n\n\n\n<p><strong>L\u2019ergoth\u00e9rapeute<\/strong>&nbsp;: Professionnel de sant\u00e9 dipl\u00f4m\u00e9 d\u2019\u00c9tat, il pr\u00e9sente l\u2019ensemble des dispositifs install\u00e9s et donne diff\u00e9rentes astuces pour faciliter la vie dans son domicile.<\/p>\n\n\n\n<p>Nous vous attendons nombreux !<\/p>\n\n\n<a href=\"https:\/\/jarnac-champagne.fr\/\/\/wp-content\/uploads\/2024\/11\/Tract-Ma-Maison-A-venir-1.pdf\" class=\"pdfemb-viewer\" style=\"\" data-width=\"max\" data-height=\"max\" data-toolbar=\"bottom\" data-toolbar-fixed=\"off\">Tract-Ma-Maison-A-venir-1<\/a>\n\n<a href=\"https:\/\/jarnac-champagne.fr\/\/\/wp-content\/uploads\/2024\/11\/Tract-Ma-Maison-A-venir-1.pdf\" class=\"pdfemb-viewer\" style=\"\" data-width=\"max\" data-height=\"max\" data-toolbar=\"bottom\" data-toolbar-fixed=\"off\">Tract-Ma-Maison-A-venir-1<\/a>\n\n<a href=\"https:\/\/jarnac-champagne.fr\/\/\/wp-content\/uploads\/2024\/11\/Affiche-bus-lea.pdf\" class=\"pdfemb-viewer\" style=\"\" data-width=\"max\" data-height=\"max\" data-toolbar=\"bottom\" data-toolbar-fixed=\"off\">Affiche-bus-lea<\/a>","protected":false},"excerpt":{"rendered":"<p>Le 18 novembre 2024, en partenariat avec la mairie de Jarnac&#8211;Champagne, c&rsquo;est la journ\u00e9e \u00e0 ne rater sous aucun pr\u00e9texte<\/p>\n","protected":false},"author":1,"featured_media":922,"comment_status":"open","ping_status":"open","sticky":false,"template":"","format":"standard","meta":{"colormag_page_container_layout":"default_layout","colormag_page_sidebar_layout":"default_layout","footnotes":""},"categories":[9,4,18],"tags":[],"class_list":["post-6532","post","type-post","status-publish","format-standard","has-post-thumbnail","hentry","category-informations-diverses","category-infos-mairie","category-infos-sante"],"_links":{"self":[{"href":"https:\/\/jarnac-champagne.fr\/index.php\/wp-json\/wp\/v2\/posts\/6532","targetHints":{"allow":["GET"]}}],"collection":[{"href":"https:\/\/jarnac-champagne.fr\/index.php\/wp-json\/wp\/v2\/posts"}],"about":[{"href":"https:\/\/jarnac-champagne.fr\/index.php\/wp-json\/wp\/v2\/types\/post"}],"author":[{"embeddable":true,"href":"https:\/\/jarnac-champagne.fr\/index.php\/wp-json\/wp\/v2\/users\/1"}],"replies":[{"embeddable":true,"href":"https:\/\/jarnac-champagne.fr\/index.php\/wp-json\/wp\/v2\/comments?post=6532"}],"version-history":[{"count":1,"href":"https:\/\/jarnac-champagne.fr\/index.php\/wp-json\/wp\/v2\/posts\/6532\/revisions"}],"predecessor-version":[{"id":6536,"href":"https:\/\/jarnac-champagne.fr\/index.php\/wp-json\/wp\/v2\/posts\/6532\/revisions\/6536"}],"wp:featuredmedia":[{"embeddable":true,"href":"https:\/\/jarnac-champagne.fr\/index.php\/wp-json\/wp\/v2\/media\/922"}],"wp:attachment":[{"href":"https:\/\/jarnac-champagne.fr\/index.php\/wp-json\/wp\/v2\/media?parent=6532"}],"wp:term":[{"taxonomy":"category","embeddable":true,"href":"https:\/\/jarnac-champagne.fr\/index.php\/wp-json\/wp\/v2\/categories?post=6532"},{"taxonomy":"post_tag","embeddable":true,"href":"https:\/\/jarnac-champagne.fr\/index.php\/wp-json\/wp\/v2\/tags?post=6532"}],"curies":[{"name":"wp","href":"https:\/\/api.w.org\/{rel}","templated":true}]}}