{"id":6645,"date":"2024-12-02T08:27:43","date_gmt":"2024-12-02T07:27:43","guid":{"rendered":"https:\/\/jarnac-champagne.fr\/\/\/?p=6645"},"modified":"2024-12-02T08:27:45","modified_gmt":"2024-12-02T07:27:45","slug":"le-conseil-municipal-des-enfants-au-marche-de-noel","status":"publish","type":"post","link":"https:\/\/jarnac-champagne.fr\/index.php\/2024\/12\/02\/le-conseil-municipal-des-enfants-au-marche-de-noel\/","title":{"rendered":"Le Conseil Municipal des Enfants au march\u00e9 de No\u00ebl"},"content":{"rendered":"\n<p>Ils l&rsquo;avaient dit, ils l&rsquo;ont fait ! Abby-Ga\u00eblle, Baptiste, Emilien, Flavie, Florent et S\u00e9ona \u00e9taient pr\u00e9sents au march\u00e9 de No\u00ebl. En vente, des livres, des cookies, des meringues&#8230;<\/p>\n\n\n\n<p>6 jeunes engag\u00e9s et motiv\u00e9s ! On ne peut que les f\u00e9liciter. BRAVO et MERCI !<\/p>\n\n\n\n<figure class=\"wp-block-gallery has-nested-images columns-default is-cropped wp-block-gallery-1 is-layout-flex wp-block-gallery-is-layout-flex\">\n<figure class=\"wp-block-image size-large\"><img loading=\"lazy\" decoding=\"async\" width=\"771\" height=\"1024\" data-id=\"6646\" src=\"https:\/\/jarnac-champagne.fr\/\/\/wp-content\/uploads\/2024\/12\/CME_Marche_Noel1-771x1024.jpg\" alt=\"\" class=\"wp-image-6646\" srcset=\"https:\/\/jarnac-champagne.fr\/wp-content\/uploads\/2024\/12\/CME_Marche_Noel1-771x1024.jpg 771w, https:\/\/jarnac-champagne.fr\/wp-content\/uploads\/2024\/12\/CME_Marche_Noel1-226x300.jpg 226w, https:\/\/jarnac-champagne.fr\/wp-content\/uploads\/2024\/12\/CME_Marche_Noel1-768x1020.jpg 768w, https:\/\/jarnac-champagne.fr\/wp-content\/uploads\/2024\/12\/CME_Marche_Noel1-1157x1536.jpg 1157w, https:\/\/jarnac-champagne.fr\/wp-content\/uploads\/2024\/12\/CME_Marche_Noel1-1542x2048.jpg 1542w, https:\/\/jarnac-champagne.fr\/wp-content\/uploads\/2024\/12\/CME_Marche_Noel1-1320x1753.jpg 1320w, https:\/\/jarnac-champagne.fr\/wp-content\/uploads\/2024\/12\/CME_Marche_Noel1-scaled.jpg 1928w\" sizes=\"auto, (max-width: 771px) 100vw, 771px\" \/><\/figure>\n\n\n\n<figure class=\"wp-block-image size-large\"><img loading=\"lazy\" decoding=\"async\" width=\"771\" height=\"1024\" data-id=\"6647\" src=\"https:\/\/jarnac-champagne.fr\/\/\/wp-content\/uploads\/2024\/12\/CME_Marche_Noel2-771x1024.jpg\" alt=\"\" class=\"wp-image-6647\" srcset=\"https:\/\/jarnac-champagne.fr\/wp-content\/uploads\/2024\/12\/CME_Marche_Noel2-771x1024.jpg 771w, https:\/\/jarnac-champagne.fr\/wp-content\/uploads\/2024\/12\/CME_Marche_Noel2-226x300.jpg 226w, https:\/\/jarnac-champagne.fr\/wp-content\/uploads\/2024\/12\/CME_Marche_Noel2-768x1020.jpg 768w, https:\/\/jarnac-champagne.fr\/wp-content\/uploads\/2024\/12\/CME_Marche_Noel2-1157x1536.jpg 1157w, https:\/\/jarnac-champagne.fr\/wp-content\/uploads\/2024\/12\/CME_Marche_Noel2-1542x2048.jpg 1542w, https:\/\/jarnac-champagne.fr\/wp-content\/uploads\/2024\/12\/CME_Marche_Noel2-1320x1753.jpg 1320w, https:\/\/jarnac-champagne.fr\/wp-content\/uploads\/2024\/12\/CME_Marche_Noel2-scaled.jpg 1928w\" sizes=\"auto, (max-width: 771px) 100vw, 771px\" \/><\/figure>\n\n\n\n<figure class=\"wp-block-image size-large\"><img loading=\"lazy\" decoding=\"async\" width=\"771\" height=\"1024\" data-id=\"6648\" src=\"https:\/\/jarnac-champagne.fr\/\/\/wp-content\/uploads\/2024\/12\/CME_Marche_Noel3-771x1024.jpg\" alt=\"\" class=\"wp-image-6648\" srcset=\"https:\/\/jarnac-champagne.fr\/wp-content\/uploads\/2024\/12\/CME_Marche_Noel3-771x1024.jpg 771w, https:\/\/jarnac-champagne.fr\/wp-content\/uploads\/2024\/12\/CME_Marche_Noel3-226x300.jpg 226w, https:\/\/jarnac-champagne.fr\/wp-content\/uploads\/2024\/12\/CME_Marche_Noel3-768x1020.jpg 768w, https:\/\/jarnac-champagne.fr\/wp-content\/uploads\/2024\/12\/CME_Marche_Noel3-1157x1536.jpg 1157w, https:\/\/jarnac-champagne.fr\/wp-content\/uploads\/2024\/12\/CME_Marche_Noel3-1542x2048.jpg 1542w, https:\/\/jarnac-champagne.fr\/wp-content\/uploads\/2024\/12\/CME_Marche_Noel3-1320x1753.jpg 1320w, https:\/\/jarnac-champagne.fr\/wp-content\/uploads\/2024\/12\/CME_Marche_Noel3-scaled.jpg 1928w\" sizes=\"auto, (max-width: 771px) 100vw, 771px\" \/><\/figure>\n\n\n\n<figure class=\"wp-block-image size-large\"><img loading=\"lazy\" decoding=\"async\" width=\"1024\" height=\"771\" data-id=\"6649\" src=\"https:\/\/jarnac-champagne.fr\/\/\/wp-content\/uploads\/2024\/12\/CME_Marche_Noel0-1024x771.jpg\" alt=\"\" class=\"wp-image-6649\" srcset=\"https:\/\/jarnac-champagne.fr\/wp-content\/uploads\/2024\/12\/CME_Marche_Noel0-1024x771.jpg 1024w, https:\/\/jarnac-champagne.fr\/wp-content\/uploads\/2024\/12\/CME_Marche_Noel0-300x226.jpg 300w, https:\/\/jarnac-champagne.fr\/wp-content\/uploads\/2024\/12\/CME_Marche_Noel0-768x578.jpg 768w, https:\/\/jarnac-champagne.fr\/wp-content\/uploads\/2024\/12\/CME_Marche_Noel0-1536x1157.jpg 1536w, https:\/\/jarnac-champagne.fr\/wp-content\/uploads\/2024\/12\/CME_Marche_Noel0-2048x1542.jpg 2048w, https:\/\/jarnac-champagne.fr\/wp-content\/uploads\/2024\/12\/CME_Marche_Noel0-1320x994.jpg 1320w\" sizes=\"auto, (max-width: 1024px) 100vw, 1024px\" \/><figcaption class=\"wp-element-caption\">Manque Florent sur la photo mais Florent \u00e9tait pr\u00e9sent \u00e9galement<\/figcaption><\/figure>\n<\/figure>\n\n\n\n<p><\/p>\n","protected":false},"excerpt":{"rendered":"<p>Ils l&rsquo;avaient dit, ils l&rsquo;ont fait ! Abby-Ga\u00eblle, Baptiste, Emilien, Flavie, Florent et S\u00e9ona \u00e9taient pr\u00e9sents au march\u00e9 de No\u00ebl.<\/p>\n","protected":false},"author":1,"featured_media":3148,"comment_status":"open","ping_status":"open","sticky":false,"template":"","format":"standard","meta":{"colormag_page_container_layout":"default_layout","colormag_page_sidebar_layout":"default_layout","footnotes":""},"categories":[27],"tags":[],"class_list":["post-6645","post","type-post","status-publish","format-standard","has-post-thumbnail","hentry","category-conseil-municipal-des-enfants"],"_links":{"self":[{"href":"https:\/\/jarnac-champagne.fr\/index.php\/wp-json\/wp\/v2\/posts\/6645","targetHints":{"allow":["GET"]}}],"collection":[{"href":"https:\/\/jarnac-champagne.fr\/index.php\/wp-json\/wp\/v2\/posts"}],"about":[{"href":"https:\/\/jarnac-champagne.fr\/index.php\/wp-json\/wp\/v2\/types\/post"}],"author":[{"embeddable":true,"href":"https:\/\/jarnac-champagne.fr\/index.php\/wp-json\/wp\/v2\/users\/1"}],"replies":[{"embeddable":true,"href":"https:\/\/jarnac-champagne.fr\/index.php\/wp-json\/wp\/v2\/comments?post=6645"}],"version-history":[{"count":1,"href":"https:\/\/jarnac-champagne.fr\/index.php\/wp-json\/wp\/v2\/posts\/6645\/revisions"}],"predecessor-version":[{"id":6650,"href":"https:\/\/jarnac-champagne.fr\/index.php\/wp-json\/wp\/v2\/posts\/6645\/revisions\/6650"}],"wp:featuredmedia":[{"embeddable":true,"href":"https:\/\/jarnac-champagne.fr\/index.php\/wp-json\/wp\/v2\/media\/3148"}],"wp:attachment":[{"href":"https:\/\/jarnac-champagne.fr\/index.php\/wp-json\/wp\/v2\/media?parent=6645"}],"wp:term":[{"taxonomy":"category","embeddable":true,"href":"https:\/\/jarnac-champagne.fr\/index.php\/wp-json\/wp\/v2\/categories?post=6645"},{"taxonomy":"post_tag","embeddable":true,"href":"https:\/\/jarnac-champagne.fr\/index.php\/wp-json\/wp\/v2\/tags?post=6645"}],"curies":[{"name":"wp","href":"https:\/\/api.w.org\/{rel}","templated":true}]}}