{"id":6771,"date":"2025-01-26T09:29:38","date_gmt":"2025-01-26T08:29:38","guid":{"rendered":"https:\/\/jarnac-champagne.fr\/?p=6771"},"modified":"2025-01-26T09:29:39","modified_gmt":"2025-01-26T08:29:39","slug":"ceremonie-des-voeux-2025","status":"publish","type":"post","link":"https:\/\/jarnac-champagne.fr\/index.php\/2025\/01\/26\/ceremonie-des-voeux-2025\/","title":{"rendered":"C\u00e9r\u00e9monie des v\u0153ux 2025"},"content":{"rendered":"\n<p>Retour en images sur la traditionnelle c\u00e9r\u00e9monie des v\u0153ux qui s&rsquo;est d\u00e9roul\u00e9e vendredi 24 janvier.<\/p>\n\n\n\n<p>Toujours un bon moment de convivialit\u00e9 et de partage.<\/p>\n\n\n\n<p>Votre belle participation d\u00e9montre l\u2019int\u00e9r\u00eat des jarnacais pour leur commune.<\/p>\n\n\n\n<p>Merci sinc\u00e8rement pour votre pr\u00e9sence !<\/p>\n\n\n\n<figure class=\"wp-block-gallery has-nested-images columns-default is-cropped wp-block-gallery-1 is-layout-flex wp-block-gallery-is-layout-flex\">\n<figure class=\"wp-block-image size-full\"><img loading=\"lazy\" decoding=\"async\" width=\"2040\" height=\"1536\" data-id=\"6781\" src=\"https:\/\/jarnac-champagne.fr\/\/\/wp-content\/uploads\/2025\/01\/IMG-20250124-WA0006.jpg\" alt=\"\" class=\"wp-image-6781\"\/><\/figure>\n\n\n\n<figure class=\"wp-block-image size-full\"><img loading=\"lazy\" decoding=\"async\" width=\"2040\" height=\"1536\" data-id=\"6772\" src=\"https:\/\/jarnac-champagne.fr\/\/\/wp-content\/uploads\/2025\/01\/IMG-20250124-WA0008.jpg\" alt=\"\" class=\"wp-image-6772\" srcset=\"https:\/\/jarnac-champagne.fr\/wp-content\/uploads\/2025\/01\/IMG-20250124-WA0008.jpg 2040w, https:\/\/jarnac-champagne.fr\/wp-content\/uploads\/2025\/01\/IMG-20250124-WA0008-300x226.jpg 300w\" sizes=\"auto, (max-width: 2040px) 100vw, 2040px\" \/><\/figure>\n\n\n\n<figure class=\"wp-block-image size-large\"><img loading=\"lazy\" decoding=\"async\" width=\"1024\" height=\"771\" data-id=\"6785\" src=\"https:\/\/jarnac-champagne.fr\/\/\/wp-content\/uploads\/2025\/01\/IMG-20250124-WA0005-1024x771.jpg\" alt=\"\" class=\"wp-image-6785\" srcset=\"https:\/\/jarnac-champagne.fr\/wp-content\/uploads\/2025\/01\/IMG-20250124-WA0005-1024x771.jpg 1024w, https:\/\/jarnac-champagne.fr\/wp-content\/uploads\/2025\/01\/IMG-20250124-WA0005-300x226.jpg 300w, https:\/\/jarnac-champagne.fr\/wp-content\/uploads\/2025\/01\/IMG-20250124-WA0005-768x578.jpg 768w, https:\/\/jarnac-champagne.fr\/wp-content\/uploads\/2025\/01\/IMG-20250124-WA0005-1536x1157.jpg 1536w, https:\/\/jarnac-champagne.fr\/wp-content\/uploads\/2025\/01\/IMG-20250124-WA0005-1320x994.jpg 1320w, https:\/\/jarnac-champagne.fr\/wp-content\/uploads\/2025\/01\/IMG-20250124-WA0005.jpg 2040w\" sizes=\"auto, (max-width: 1024px) 100vw, 1024px\" \/><\/figure>\n\n\n\n<figure class=\"wp-block-image size-full\"><img loading=\"lazy\" decoding=\"async\" width=\"2040\" height=\"1536\" data-id=\"6775\" src=\"https:\/\/jarnac-champagne.fr\/\/\/wp-content\/uploads\/2025\/01\/IMG-20250124-WA0015.jpg\" alt=\"\" class=\"wp-image-6775\" srcset=\"https:\/\/jarnac-champagne.fr\/wp-content\/uploads\/2025\/01\/IMG-20250124-WA0015.jpg 2040w, https:\/\/jarnac-champagne.fr\/wp-content\/uploads\/2025\/01\/IMG-20250124-WA0015-300x226.jpg 300w\" sizes=\"auto, (max-width: 2040px) 100vw, 2040px\" \/><\/figure>\n<\/figure>\n","protected":false},"excerpt":{"rendered":"<p>Retour en images sur la traditionnelle c\u00e9r\u00e9monie des v\u0153ux qui s&rsquo;est d\u00e9roul\u00e9e vendredi 24 janvier. Toujours un bon moment de<\/p>\n","protected":false},"author":1,"featured_media":105,"comment_status":"open","ping_status":"open","sticky":false,"template":"","format":"standard","meta":{"colormag_page_container_layout":"default_layout","colormag_page_sidebar_layout":"default_layout","footnotes":""},"categories":[4],"tags":[],"class_list":["post-6771","post","type-post","status-publish","format-standard","has-post-thumbnail","hentry","category-infos-mairie"],"_links":{"self":[{"href":"https:\/\/jarnac-champagne.fr\/index.php\/wp-json\/wp\/v2\/posts\/6771","targetHints":{"allow":["GET"]}}],"collection":[{"href":"https:\/\/jarnac-champagne.fr\/index.php\/wp-json\/wp\/v2\/posts"}],"about":[{"href":"https:\/\/jarnac-champagne.fr\/index.php\/wp-json\/wp\/v2\/types\/post"}],"author":[{"embeddable":true,"href":"https:\/\/jarnac-champagne.fr\/index.php\/wp-json\/wp\/v2\/users\/1"}],"replies":[{"embeddable":true,"href":"https:\/\/jarnac-champagne.fr\/index.php\/wp-json\/wp\/v2\/comments?post=6771"}],"version-history":[{"count":2,"href":"https:\/\/jarnac-champagne.fr\/index.php\/wp-json\/wp\/v2\/posts\/6771\/revisions"}],"predecessor-version":[{"id":6787,"href":"https:\/\/jarnac-champagne.fr\/index.php\/wp-json\/wp\/v2\/posts\/6771\/revisions\/6787"}],"wp:featuredmedia":[{"embeddable":true,"href":"https:\/\/jarnac-champagne.fr\/index.php\/wp-json\/wp\/v2\/media\/105"}],"wp:attachment":[{"href":"https:\/\/jarnac-champagne.fr\/index.php\/wp-json\/wp\/v2\/media?parent=6771"}],"wp:term":[{"taxonomy":"category","embeddable":true,"href":"https:\/\/jarnac-champagne.fr\/index.php\/wp-json\/wp\/v2\/categories?post=6771"},{"taxonomy":"post_tag","embeddable":true,"href":"https:\/\/jarnac-champagne.fr\/index.php\/wp-json\/wp\/v2\/tags?post=6771"}],"curies":[{"name":"wp","href":"https:\/\/api.w.org\/{rel}","templated":true}]}}