{"id":6802,"date":"2025-02-07T19:14:25","date_gmt":"2025-02-07T18:14:25","guid":{"rendered":"https:\/\/jarnac-champagne.fr\/?p=6802"},"modified":"2025-02-07T19:14:26","modified_gmt":"2025-02-07T18:14:26","slug":"forfait-cantine","status":"publish","type":"post","link":"https:\/\/jarnac-champagne.fr\/index.php\/2025\/02\/07\/forfait-cantine\/","title":{"rendered":"Forfait cantine"},"content":{"rendered":"\n<p>Vous pouvez b\u00e9n\u00e9ficier de la r\u00e9duction de cantine, conform\u00e9ment \u00e0 l&rsquo;information que vous avez eu en d\u00e9but d&rsquo;ann\u00e9e scolaire :<\/p>\n\n\n\n<p class=\"has-text-align-center\"><strong>\u00ab\u00a0Un&nbsp;d\u00e9gr\u00e8vement&nbsp;du&nbsp;prix&nbsp;du&nbsp;repas&nbsp;par&nbsp;enfant&nbsp;et&nbsp;par&nbsp;jour&nbsp;sera&nbsp;accord\u00e9&nbsp;\u00e0&nbsp;partir&nbsp;d\u2019une&nbsp;semaine&nbsp;d\u2019absence&nbsp;sur&nbsp;pr\u00e9sentation&nbsp;d\u2019un&nbsp;justificatif&nbsp;\u00e9crit.\u00a0\u00bb<\/strong><\/p>\n\n\n\n<p class=\"has-text-align-center\"><strong>Alors, lorsque votre enfant est malade, merci de penser \u00e0 nous transmettre un justificatif \u00e9crit par mail \u00e0 l&rsquo;adresse suivante :<\/strong><\/p>\n\n\n\n<p class=\"has-text-align-center\"><strong>mairie-jarnac-champagne@wanadoo.fr<\/strong><\/p>\n\n\n\n<p>Avec nos remerciements pour votre collaboration et votre compr\u00e9hension.<\/p>\n","protected":false},"excerpt":{"rendered":"<p>Vous pouvez b\u00e9n\u00e9ficier de la r\u00e9duction de cantine, conform\u00e9ment \u00e0 l&rsquo;information que vous avez eu en d\u00e9but d&rsquo;ann\u00e9e scolaire :<\/p>\n","protected":false},"author":1,"featured_media":103,"comment_status":"open","ping_status":"open","sticky":false,"template":"","format":"standard","meta":{"colormag_page_container_layout":"default_layout","colormag_page_sidebar_layout":"default_layout","footnotes":""},"categories":[5],"tags":[],"class_list":["post-6802","post","type-post","status-publish","format-standard","has-post-thumbnail","hentry","category-infos-ecole"],"_links":{"self":[{"href":"https:\/\/jarnac-champagne.fr\/index.php\/wp-json\/wp\/v2\/posts\/6802","targetHints":{"allow":["GET"]}}],"collection":[{"href":"https:\/\/jarnac-champagne.fr\/index.php\/wp-json\/wp\/v2\/posts"}],"about":[{"href":"https:\/\/jarnac-champagne.fr\/index.php\/wp-json\/wp\/v2\/types\/post"}],"author":[{"embeddable":true,"href":"https:\/\/jarnac-champagne.fr\/index.php\/wp-json\/wp\/v2\/users\/1"}],"replies":[{"embeddable":true,"href":"https:\/\/jarnac-champagne.fr\/index.php\/wp-json\/wp\/v2\/comments?post=6802"}],"version-history":[{"count":1,"href":"https:\/\/jarnac-champagne.fr\/index.php\/wp-json\/wp\/v2\/posts\/6802\/revisions"}],"predecessor-version":[{"id":6803,"href":"https:\/\/jarnac-champagne.fr\/index.php\/wp-json\/wp\/v2\/posts\/6802\/revisions\/6803"}],"wp:featuredmedia":[{"embeddable":true,"href":"https:\/\/jarnac-champagne.fr\/index.php\/wp-json\/wp\/v2\/media\/103"}],"wp:attachment":[{"href":"https:\/\/jarnac-champagne.fr\/index.php\/wp-json\/wp\/v2\/media?parent=6802"}],"wp:term":[{"taxonomy":"category","embeddable":true,"href":"https:\/\/jarnac-champagne.fr\/index.php\/wp-json\/wp\/v2\/categories?post=6802"},{"taxonomy":"post_tag","embeddable":true,"href":"https:\/\/jarnac-champagne.fr\/index.php\/wp-json\/wp\/v2\/tags?post=6802"}],"curies":[{"name":"wp","href":"https:\/\/api.w.org\/{rel}","templated":true}]}}