{"id":6840,"date":"2025-02-21T08:39:15","date_gmt":"2025-02-21T07:39:15","guid":{"rendered":"https:\/\/jarnac-champagne.fr\/?p=6840"},"modified":"2025-02-21T08:39:17","modified_gmt":"2025-02-21T07:39:17","slug":"ceremonie-des-voeux-2025_haute-saintonge_31-01-25","status":"publish","type":"post","link":"https:\/\/jarnac-champagne.fr\/index.php\/2025\/02\/21\/ceremonie-des-voeux-2025_haute-saintonge_31-01-25\/","title":{"rendered":"C\u00e9r\u00e9monie des v\u0153ux 2025_Haute-Saintonge_31-01-25"},"content":{"rendered":"\n<figure class=\"wp-block-image aligncenter size-full\"><img fetchpriority=\"high\" decoding=\"async\" width=\"655\" height=\"506\" src=\"https:\/\/jarnac-champagne.fr\/wp-content\/uploads\/2025\/02\/Voeux_2025.png\" alt=\"\" class=\"wp-image-6841\" srcset=\"https:\/\/jarnac-champagne.fr\/wp-content\/uploads\/2025\/02\/Voeux_2025.png 655w, https:\/\/jarnac-champagne.fr\/wp-content\/uploads\/2025\/02\/Voeux_2025-300x232.png 300w\" sizes=\"(max-width: 655px) 100vw, 655px\" \/><\/figure>\n","protected":false},"excerpt":{"rendered":"","protected":false},"author":1,"featured_media":348,"comment_status":"open","ping_status":"open","sticky":false,"template":"","format":"standard","meta":{"colormag_page_container_layout":"default_layout","colormag_page_sidebar_layout":"default_layout","footnotes":""},"categories":[8],"tags":[],"class_list":["post-6840","post","type-post","status-publish","format-standard","has-post-thumbnail","hentry","category-presse"],"_links":{"self":[{"href":"https:\/\/jarnac-champagne.fr\/index.php\/wp-json\/wp\/v2\/posts\/6840","targetHints":{"allow":["GET"]}}],"collection":[{"href":"https:\/\/jarnac-champagne.fr\/index.php\/wp-json\/wp\/v2\/posts"}],"about":[{"href":"https:\/\/jarnac-champagne.fr\/index.php\/wp-json\/wp\/v2\/types\/post"}],"author":[{"embeddable":true,"href":"https:\/\/jarnac-champagne.fr\/index.php\/wp-json\/wp\/v2\/users\/1"}],"replies":[{"embeddable":true,"href":"https:\/\/jarnac-champagne.fr\/index.php\/wp-json\/wp\/v2\/comments?post=6840"}],"version-history":[{"count":1,"href":"https:\/\/jarnac-champagne.fr\/index.php\/wp-json\/wp\/v2\/posts\/6840\/revisions"}],"predecessor-version":[{"id":6842,"href":"https:\/\/jarnac-champagne.fr\/index.php\/wp-json\/wp\/v2\/posts\/6840\/revisions\/6842"}],"wp:featuredmedia":[{"embeddable":true,"href":"https:\/\/jarnac-champagne.fr\/index.php\/wp-json\/wp\/v2\/media\/348"}],"wp:attachment":[{"href":"https:\/\/jarnac-champagne.fr\/index.php\/wp-json\/wp\/v2\/media?parent=6840"}],"wp:term":[{"taxonomy":"category","embeddable":true,"href":"https:\/\/jarnac-champagne.fr\/index.php\/wp-json\/wp\/v2\/categories?post=6840"},{"taxonomy":"post_tag","embeddable":true,"href":"https:\/\/jarnac-champagne.fr\/index.php\/wp-json\/wp\/v2\/tags?post=6840"}],"curies":[{"name":"wp","href":"https:\/\/api.w.org\/{rel}","templated":true}]}}