{"id":6847,"date":"2025-02-25T17:55:02","date_gmt":"2025-02-25T16:55:02","guid":{"rendered":"https:\/\/jarnac-champagne.fr\/?p=6847"},"modified":"2025-02-25T17:55:03","modified_gmt":"2025-02-25T16:55:03","slug":"demande-nouveau-permis-de-conduire","status":"publish","type":"post","link":"https:\/\/jarnac-champagne.fr\/index.php\/2025\/02\/25\/demande-nouveau-permis-de-conduire\/","title":{"rendered":"Demande nouveau permis de conduire"},"content":{"rendered":"\n<p>Beno\u00eet MARC, conseiller num\u00e9rique est pr\u00e9sent pour vous aider dans vos d\u00e9marches administratives tous les <strong><mark style=\"background-color:rgba(0, 0, 0, 0)\" class=\"has-inline-color has-vivid-red-color\">mercredis de 9h30 \u00e0 12h, salle annexe \u00e0 c\u00f4t\u00e9 de la Mairie.<\/mark><\/strong><\/p>\n\n\n<a href=\"https:\/\/jarnac-champagne.fr\/\/\/wp-content\/uploads\/2025\/02\/Demande-nouveau-Permis.pdf\" class=\"pdfemb-viewer\" style=\"\" data-width=\"max\" data-height=\"max\" data-toolbar=\"bottom\" data-toolbar-fixed=\"off\">Demande-nouveau-Permis<\/a>","protected":false},"excerpt":{"rendered":"<p>Beno\u00eet MARC, conseiller num\u00e9rique est pr\u00e9sent pour vous aider dans vos d\u00e9marches administratives tous les mercredis de 9h30 \u00e0 12h,<\/p>\n","protected":false},"author":1,"featured_media":365,"comment_status":"open","ping_status":"open","sticky":false,"template":"","format":"standard","meta":{"colormag_page_container_layout":"default_layout","colormag_page_sidebar_layout":"default_layout","footnotes":""},"categories":[9],"tags":[],"class_list":["post-6847","post","type-post","status-publish","format-standard","has-post-thumbnail","hentry","category-informations-diverses"],"_links":{"self":[{"href":"https:\/\/jarnac-champagne.fr\/index.php\/wp-json\/wp\/v2\/posts\/6847","targetHints":{"allow":["GET"]}}],"collection":[{"href":"https:\/\/jarnac-champagne.fr\/index.php\/wp-json\/wp\/v2\/posts"}],"about":[{"href":"https:\/\/jarnac-champagne.fr\/index.php\/wp-json\/wp\/v2\/types\/post"}],"author":[{"embeddable":true,"href":"https:\/\/jarnac-champagne.fr\/index.php\/wp-json\/wp\/v2\/users\/1"}],"replies":[{"embeddable":true,"href":"https:\/\/jarnac-champagne.fr\/index.php\/wp-json\/wp\/v2\/comments?post=6847"}],"version-history":[{"count":1,"href":"https:\/\/jarnac-champagne.fr\/index.php\/wp-json\/wp\/v2\/posts\/6847\/revisions"}],"predecessor-version":[{"id":6849,"href":"https:\/\/jarnac-champagne.fr\/index.php\/wp-json\/wp\/v2\/posts\/6847\/revisions\/6849"}],"wp:featuredmedia":[{"embeddable":true,"href":"https:\/\/jarnac-champagne.fr\/index.php\/wp-json\/wp\/v2\/media\/365"}],"wp:attachment":[{"href":"https:\/\/jarnac-champagne.fr\/index.php\/wp-json\/wp\/v2\/media?parent=6847"}],"wp:term":[{"taxonomy":"category","embeddable":true,"href":"https:\/\/jarnac-champagne.fr\/index.php\/wp-json\/wp\/v2\/categories?post=6847"},{"taxonomy":"post_tag","embeddable":true,"href":"https:\/\/jarnac-champagne.fr\/index.php\/wp-json\/wp\/v2\/tags?post=6847"}],"curies":[{"name":"wp","href":"https:\/\/api.w.org\/{rel}","templated":true}]}}