{"id":687,"date":"2020-07-18T20:22:20","date_gmt":"2020-07-18T18:22:20","guid":{"rendered":"https:\/\/jarnac-champagne.fr\/\/\/?p=687"},"modified":"2020-07-18T20:22:21","modified_gmt":"2020-07-18T18:22:21","slug":"la-boucherie-moreau-fete-ses-20-ans","status":"publish","type":"post","link":"https:\/\/jarnac-champagne.fr\/index.php\/2020\/07\/18\/la-boucherie-moreau-fete-ses-20-ans\/","title":{"rendered":"La boucherie Moreau f\u00eate ses 20 ans !"},"content":{"rendered":"\n<p>Bon anniversaire et f\u00e9licitations ! Souhaitons longue vie \u00e0 ce commerce de proximit\u00e9 essentiel \u00e0 notre village.<\/p>\n\n\n\n<div class=\"wp-block-image\"><figure class=\"aligncenter size-large\"><img loading=\"lazy\" decoding=\"async\" width=\"974\" height=\"1024\" src=\"https:\/\/jarnac-champagne.fr\/\/\/wp-content\/uploads\/2020\/07\/20ans_Boucherie_Moreau-974x1024.jpeg\" alt=\"\" class=\"wp-image-690\" srcset=\"https:\/\/jarnac-champagne.fr\/wp-content\/uploads\/2020\/07\/20ans_Boucherie_Moreau-974x1024.jpeg 974w, https:\/\/jarnac-champagne.fr\/wp-content\/uploads\/2020\/07\/20ans_Boucherie_Moreau-285x300.jpeg 285w, https:\/\/jarnac-champagne.fr\/wp-content\/uploads\/2020\/07\/20ans_Boucherie_Moreau-768x808.jpeg 768w, https:\/\/jarnac-champagne.fr\/wp-content\/uploads\/2020\/07\/20ans_Boucherie_Moreau-1460x1536.jpeg 1460w, https:\/\/jarnac-champagne.fr\/wp-content\/uploads\/2020\/07\/20ans_Boucherie_Moreau.jpeg 1796w\" sizes=\"auto, (max-width: 974px) 100vw, 974px\" \/><\/figure><\/div>\n","protected":false},"excerpt":{"rendered":"<p>Bon anniversaire et f\u00e9licitations ! Souhaitons longue vie \u00e0 ce commerce de proximit\u00e9 essentiel \u00e0 notre village.<\/p>\n","protected":false},"author":1,"featured_media":348,"comment_status":"open","ping_status":"open","sticky":false,"template":"","format":"standard","meta":{"colormag_page_container_layout":"default_layout","colormag_page_sidebar_layout":"default_layout","footnotes":""},"categories":[8],"tags":[],"class_list":["post-687","post","type-post","status-publish","format-standard","has-post-thumbnail","hentry","category-presse"],"_links":{"self":[{"href":"https:\/\/jarnac-champagne.fr\/index.php\/wp-json\/wp\/v2\/posts\/687","targetHints":{"allow":["GET"]}}],"collection":[{"href":"https:\/\/jarnac-champagne.fr\/index.php\/wp-json\/wp\/v2\/posts"}],"about":[{"href":"https:\/\/jarnac-champagne.fr\/index.php\/wp-json\/wp\/v2\/types\/post"}],"author":[{"embeddable":true,"href":"https:\/\/jarnac-champagne.fr\/index.php\/wp-json\/wp\/v2\/users\/1"}],"replies":[{"embeddable":true,"href":"https:\/\/jarnac-champagne.fr\/index.php\/wp-json\/wp\/v2\/comments?post=687"}],"version-history":[{"count":2,"href":"https:\/\/jarnac-champagne.fr\/index.php\/wp-json\/wp\/v2\/posts\/687\/revisions"}],"predecessor-version":[{"id":691,"href":"https:\/\/jarnac-champagne.fr\/index.php\/wp-json\/wp\/v2\/posts\/687\/revisions\/691"}],"wp:featuredmedia":[{"embeddable":true,"href":"https:\/\/jarnac-champagne.fr\/index.php\/wp-json\/wp\/v2\/media\/348"}],"wp:attachment":[{"href":"https:\/\/jarnac-champagne.fr\/index.php\/wp-json\/wp\/v2\/media?parent=687"}],"wp:term":[{"taxonomy":"category","embeddable":true,"href":"https:\/\/jarnac-champagne.fr\/index.php\/wp-json\/wp\/v2\/categories?post=687"},{"taxonomy":"post_tag","embeddable":true,"href":"https:\/\/jarnac-champagne.fr\/index.php\/wp-json\/wp\/v2\/tags?post=687"}],"curies":[{"name":"wp","href":"https:\/\/api.w.org\/{rel}","templated":true}]}}