{"id":7009,"date":"2025-04-09T17:22:54","date_gmt":"2025-04-09T15:22:54","guid":{"rendered":"https:\/\/jarnac-champagne.fr\/?p=7009"},"modified":"2025-04-09T17:22:55","modified_gmt":"2025-04-09T15:22:55","slug":"mediation-familiale","status":"publish","type":"post","link":"https:\/\/jarnac-champagne.fr\/index.php\/2025\/04\/09\/mediation-familiale\/","title":{"rendered":"M\u00e9diation familiale"},"content":{"rendered":"\n<p>Le <strong><mark style=\"background-color:rgba(0, 0, 0, 0)\" class=\"has-inline-color has-pale-pink-color\">service de m\u00e9diation Familiale de l\u2019UDAF<\/mark><\/strong> intervient sur le territoire de la Haute Saintonge depuis septembre 2024. Les personnes peuvent \u00eatre orient\u00e9es ou contacter directement le service au <strong><mark style=\"background-color:rgba(0, 0, 0, 0)\" class=\"has-inline-color has-luminous-vivid-orange-color\">05 46 98 26 41<\/mark> <\/strong>ou par mail <strong><a href=\"mailto:mediationfamiliale@udaf17.fr\" target=\"_blank\" rel=\"noreferrer noopener\">mediationfamiliale@udaf17.fr<\/a><\/strong> \u00a0pour toute difficult\u00e9 relationnelle, m\u00e9sentente, conflit au sein de la famille. <\/p>\n\n\n\n<p>A titre d\u2019exemples <em>:<\/em><\/p>\n\n\n\n<p>&#8211;&nbsp; &nbsp; &nbsp; <em>Les couples qui envisagent la s\u00e9paration, ou qui sont s\u00e9par\u00e9s mais qui rencontrent des difficult\u00e9s au sujet de l\u2019organisation de vie des enfants<\/em><\/p>\n\n\n\n<p>&#8211;&nbsp; &nbsp; &nbsp; <em>Les parents s\u00e9par\u00e9s en rupture avec leur ado<\/em><\/p>\n\n\n\n<p>&#8211;&nbsp; &nbsp; &nbsp; <em>Les grands parents qui ne voient plus leurs petites enfants<\/em><\/p>\n\n\n\n<p>&#8211;&nbsp; &nbsp; &nbsp; <em>Les fratries en conflit au sujet d\u2019un parent vieillissant<\/em><\/p>\n\n\n\n<p><strong>Une m\u00e9diatrice familiale vous accueille et est \u00e0 votre \u00e9coute sur le territoire (Jonzac \u2013Montendre), elle vous accompagne \u00e0 la r\u00e9solution du conflit.<\/strong><\/p>\n\n\n<a href=\"https:\/\/jarnac-champagne.fr\/\/\/wp-content\/uploads\/2025\/04\/Flyer-MEDIATION-FAMILIALE-2024.pdf\" class=\"pdfemb-viewer\" style=\"\" data-width=\"max\" data-height=\"max\" data-toolbar=\"bottom\" data-toolbar-fixed=\"off\">Flyer-MEDIATION-FAMILIALE-2024<\/a>","protected":false},"excerpt":{"rendered":"<p>Le service de m\u00e9diation Familiale de l\u2019UDAF intervient sur le territoire de la Haute Saintonge depuis septembre 2024. Les personnes<\/p>\n","protected":false},"author":1,"featured_media":365,"comment_status":"open","ping_status":"open","sticky":false,"template":"","format":"standard","meta":{"colormag_page_container_layout":"default_layout","colormag_page_sidebar_layout":"default_layout","footnotes":""},"categories":[9],"tags":[],"class_list":["post-7009","post","type-post","status-publish","format-standard","has-post-thumbnail","hentry","category-informations-diverses"],"_links":{"self":[{"href":"https:\/\/jarnac-champagne.fr\/index.php\/wp-json\/wp\/v2\/posts\/7009","targetHints":{"allow":["GET"]}}],"collection":[{"href":"https:\/\/jarnac-champagne.fr\/index.php\/wp-json\/wp\/v2\/posts"}],"about":[{"href":"https:\/\/jarnac-champagne.fr\/index.php\/wp-json\/wp\/v2\/types\/post"}],"author":[{"embeddable":true,"href":"https:\/\/jarnac-champagne.fr\/index.php\/wp-json\/wp\/v2\/users\/1"}],"replies":[{"embeddable":true,"href":"https:\/\/jarnac-champagne.fr\/index.php\/wp-json\/wp\/v2\/comments?post=7009"}],"version-history":[{"count":1,"href":"https:\/\/jarnac-champagne.fr\/index.php\/wp-json\/wp\/v2\/posts\/7009\/revisions"}],"predecessor-version":[{"id":7011,"href":"https:\/\/jarnac-champagne.fr\/index.php\/wp-json\/wp\/v2\/posts\/7009\/revisions\/7011"}],"wp:featuredmedia":[{"embeddable":true,"href":"https:\/\/jarnac-champagne.fr\/index.php\/wp-json\/wp\/v2\/media\/365"}],"wp:attachment":[{"href":"https:\/\/jarnac-champagne.fr\/index.php\/wp-json\/wp\/v2\/media?parent=7009"}],"wp:term":[{"taxonomy":"category","embeddable":true,"href":"https:\/\/jarnac-champagne.fr\/index.php\/wp-json\/wp\/v2\/categories?post=7009"},{"taxonomy":"post_tag","embeddable":true,"href":"https:\/\/jarnac-champagne.fr\/index.php\/wp-json\/wp\/v2\/tags?post=7009"}],"curies":[{"name":"wp","href":"https:\/\/api.w.org\/{rel}","templated":true}]}}