{"id":7013,"date":"2025-04-20T19:24:47","date_gmt":"2025-04-20T17:24:47","guid":{"rendered":"https:\/\/jarnac-champagne.fr\/\/\/?p=7013"},"modified":"2025-04-20T19:24:47","modified_gmt":"2025-04-20T17:24:47","slug":"la-saison-des-mariages","status":"publish","type":"post","link":"https:\/\/jarnac-champagne.fr\/index.php\/2025\/04\/20\/la-saison-des-mariages\/","title":{"rendered":"La saison des mariages"},"content":{"rendered":"\n<p>Le premier mariage de l&rsquo;ann\u00e9e 2025 c\u00e9l\u00e9br\u00e9 le samedi 19 avril malheureusement sous une pluie battante pour nos jeunes mari\u00e9s.<\/p>\n\n\n\n<p>Nous leur adressons, bien \u00e9videmment, tous nos meilleurs v\u0153ux de bonheur et nos plus sinc\u00e8res f\u00e9licitations !<\/p>\n\n\n\n<p>Cette ann\u00e9e, \u00e0 l&rsquo;occasion des naissances ou des mariages, le <strong><mark style=\"background-color:rgba(0, 0, 0, 0)\" class=\"has-inline-color has-luminous-vivid-amber-color\">Domaine des Tonneaux<\/mark><\/strong> a souhait\u00e9 offrir une carte cadeau.<\/p>\n\n\n\n<p>Merci \u00e0 Betty et Laurent pour cette belle id\u00e9e. Les mari\u00e9s \u00e9taient ravis&#8230;Nul doute qu&rsquo;ils en feront bon usage.<\/p>\n\n\n\n<figure class=\"wp-block-image aligncenter size-large is-resized\"><img loading=\"lazy\" decoding=\"async\" width=\"921\" height=\"1024\" src=\"https:\/\/jarnac-champagne.fr\/\/\/wp-content\/uploads\/2025\/04\/IMG_20250419_104056-921x1024.jpg\" alt=\"\" class=\"wp-image-7016\" style=\"width:921px;height:auto\" srcset=\"https:\/\/jarnac-champagne.fr\/wp-content\/uploads\/2025\/04\/IMG_20250419_104056-921x1024.jpg 921w, https:\/\/jarnac-champagne.fr\/wp-content\/uploads\/2025\/04\/IMG_20250419_104056-270x300.jpg 270w, https:\/\/jarnac-champagne.fr\/wp-content\/uploads\/2025\/04\/IMG_20250419_104056-768x854.jpg 768w, https:\/\/jarnac-champagne.fr\/wp-content\/uploads\/2025\/04\/IMG_20250419_104056-1382x1536.jpg 1382w, https:\/\/jarnac-champagne.fr\/wp-content\/uploads\/2025\/04\/IMG_20250419_104056-1843x2048.jpg 1843w, https:\/\/jarnac-champagne.fr\/wp-content\/uploads\/2025\/04\/IMG_20250419_104056-1320x1467.jpg 1320w\" sizes=\"auto, (max-width: 921px) 100vw, 921px\" \/><\/figure>\n\n\n\n<figure class=\"wp-block-image aligncenter size-large\"><img loading=\"lazy\" decoding=\"async\" width=\"1024\" height=\"479\" src=\"https:\/\/jarnac-champagne.fr\/\/\/wp-content\/uploads\/2025\/04\/IMG_20250419_104114-1024x479.jpg\" alt=\"\" class=\"wp-image-7017\" srcset=\"https:\/\/jarnac-champagne.fr\/wp-content\/uploads\/2025\/04\/IMG_20250419_104114-1024x479.jpg 1024w, https:\/\/jarnac-champagne.fr\/wp-content\/uploads\/2025\/04\/IMG_20250419_104114-300x140.jpg 300w, https:\/\/jarnac-champagne.fr\/wp-content\/uploads\/2025\/04\/IMG_20250419_104114-768x359.jpg 768w, https:\/\/jarnac-champagne.fr\/wp-content\/uploads\/2025\/04\/IMG_20250419_104114-1536x718.jpg 1536w, https:\/\/jarnac-champagne.fr\/wp-content\/uploads\/2025\/04\/IMG_20250419_104114-2048x958.jpg 2048w, https:\/\/jarnac-champagne.fr\/wp-content\/uploads\/2025\/04\/IMG_20250419_104114-1320x617.jpg 1320w\" sizes=\"auto, (max-width: 1024px) 100vw, 1024px\" \/><\/figure>\n","protected":false},"excerpt":{"rendered":"<p>Le premier mariage de l&rsquo;ann\u00e9e 2025 c\u00e9l\u00e9br\u00e9 le samedi 19 avril malheureusement sous une pluie battante pour nos jeunes mari\u00e9s.<\/p>\n","protected":false},"author":1,"featured_media":2378,"comment_status":"open","ping_status":"open","sticky":false,"template":"","format":"standard","meta":{"colormag_page_container_layout":"default_layout","colormag_page_sidebar_layout":"default_layout","footnotes":""},"categories":[4],"tags":[],"class_list":["post-7013","post","type-post","status-publish","format-standard","has-post-thumbnail","hentry","category-infos-mairie"],"_links":{"self":[{"href":"https:\/\/jarnac-champagne.fr\/index.php\/wp-json\/wp\/v2\/posts\/7013","targetHints":{"allow":["GET"]}}],"collection":[{"href":"https:\/\/jarnac-champagne.fr\/index.php\/wp-json\/wp\/v2\/posts"}],"about":[{"href":"https:\/\/jarnac-champagne.fr\/index.php\/wp-json\/wp\/v2\/types\/post"}],"author":[{"embeddable":true,"href":"https:\/\/jarnac-champagne.fr\/index.php\/wp-json\/wp\/v2\/users\/1"}],"replies":[{"embeddable":true,"href":"https:\/\/jarnac-champagne.fr\/index.php\/wp-json\/wp\/v2\/comments?post=7013"}],"version-history":[{"count":1,"href":"https:\/\/jarnac-champagne.fr\/index.php\/wp-json\/wp\/v2\/posts\/7013\/revisions"}],"predecessor-version":[{"id":7018,"href":"https:\/\/jarnac-champagne.fr\/index.php\/wp-json\/wp\/v2\/posts\/7013\/revisions\/7018"}],"wp:featuredmedia":[{"embeddable":true,"href":"https:\/\/jarnac-champagne.fr\/index.php\/wp-json\/wp\/v2\/media\/2378"}],"wp:attachment":[{"href":"https:\/\/jarnac-champagne.fr\/index.php\/wp-json\/wp\/v2\/media?parent=7013"}],"wp:term":[{"taxonomy":"category","embeddable":true,"href":"https:\/\/jarnac-champagne.fr\/index.php\/wp-json\/wp\/v2\/categories?post=7013"},{"taxonomy":"post_tag","embeddable":true,"href":"https:\/\/jarnac-champagne.fr\/index.php\/wp-json\/wp\/v2\/tags?post=7013"}],"curies":[{"name":"wp","href":"https:\/\/api.w.org\/{rel}","templated":true}]}}