{"id":7068,"date":"2025-05-12T09:23:00","date_gmt":"2025-05-12T07:23:00","guid":{"rendered":"https:\/\/jarnac-champagne.fr\/?p=7068"},"modified":"2025-05-05T19:33:26","modified_gmt":"2025-05-05T17:33:26","slug":"cafe-memoire-7","status":"publish","type":"post","link":"https:\/\/jarnac-champagne.fr\/index.php\/2025\/05\/12\/cafe-memoire-7\/","title":{"rendered":"Caf\u00e9 m\u00e9moire"},"content":{"rendered":"\n<p>Le <mark style=\"background-color:rgba(0, 0, 0, 0)\" class=\"has-inline-color has-vivid-purple-color\"><strong>prochain th\u00e8me de ce caf\u00e9 m\u00e9moire<\/strong><\/mark> doit retenir votre attention car il s&rsquo;adresse \u00e0 tous. <mark style=\"background-color:rgba(0, 0, 0, 0)\" class=\"has-inline-color has-pale-pink-color\"><strong>Aide du d\u00e9partement pour le dossier APA.<\/strong><\/mark><\/p>\n\n\n\n<p>Tout le monde peut \u00eatre amen\u00e9 \u00e0 faire un jour une <strong><mark style=\"background-color:rgba(0, 0, 0, 0)\" class=\"has-inline-color has-vivid-cyan-blue-color\">demande d&rsquo;allocation personnalis\u00e9e autonomie<\/mark><\/strong>, plus commun\u00e9ment appel\u00e9,<strong><mark style=\"background-color:rgba(0, 0, 0, 0)\" class=\"has-inline-color has-vivid-cyan-blue-color\"> APA,<\/mark><\/strong>  pour soi ou un proche.<\/p>\n\n\n\n<p>Alors, c&rsquo;est enti\u00e8rement gratuit et vous aurez toutes les bonnes informations aupr\u00e8s de Mme SUIRE dont c&rsquo;est le m\u00e9tier, accompagn\u00e9e d&rsquo;une infirmi\u00e8re \u00e9valuatrice jarnacaise que bon nombre d&rsquo;entre vous connaissent bien, Nadia.<\/p>\n\n\n\n<p>Merci de diffuser l&rsquo;information aussi largement que possible, retenez bien cette date et on vous attend nombreux !<\/p>\n\n\n<a href=\"https:\/\/jarnac-champagne.fr\/\/\/wp-content\/uploads\/2025\/05\/Tract-CAFE-MEMOIRE-19-05-2025.pdf\" class=\"pdfemb-viewer\" style=\"\" data-width=\"max\" data-height=\"max\" data-toolbar=\"bottom\" data-toolbar-fixed=\"off\">Tract-CAFE-MEMOIRE-19-05-2025<\/a>","protected":false},"excerpt":{"rendered":"<p>Le prochain th\u00e8me de ce caf\u00e9 m\u00e9moire doit retenir votre attention car il s&rsquo;adresse \u00e0 tous. Aide du d\u00e9partement pour<\/p>\n","protected":false},"author":1,"featured_media":922,"comment_status":"open","ping_status":"open","sticky":false,"template":"","format":"standard","meta":{"colormag_page_container_layout":"default_layout","colormag_page_sidebar_layout":"default_layout","footnotes":""},"categories":[18],"tags":[],"class_list":["post-7068","post","type-post","status-publish","format-standard","has-post-thumbnail","hentry","category-infos-sante"],"_links":{"self":[{"href":"https:\/\/jarnac-champagne.fr\/index.php\/wp-json\/wp\/v2\/posts\/7068","targetHints":{"allow":["GET"]}}],"collection":[{"href":"https:\/\/jarnac-champagne.fr\/index.php\/wp-json\/wp\/v2\/posts"}],"about":[{"href":"https:\/\/jarnac-champagne.fr\/index.php\/wp-json\/wp\/v2\/types\/post"}],"author":[{"embeddable":true,"href":"https:\/\/jarnac-champagne.fr\/index.php\/wp-json\/wp\/v2\/users\/1"}],"replies":[{"embeddable":true,"href":"https:\/\/jarnac-champagne.fr\/index.php\/wp-json\/wp\/v2\/comments?post=7068"}],"version-history":[{"count":2,"href":"https:\/\/jarnac-champagne.fr\/index.php\/wp-json\/wp\/v2\/posts\/7068\/revisions"}],"predecessor-version":[{"id":7071,"href":"https:\/\/jarnac-champagne.fr\/index.php\/wp-json\/wp\/v2\/posts\/7068\/revisions\/7071"}],"wp:featuredmedia":[{"embeddable":true,"href":"https:\/\/jarnac-champagne.fr\/index.php\/wp-json\/wp\/v2\/media\/922"}],"wp:attachment":[{"href":"https:\/\/jarnac-champagne.fr\/index.php\/wp-json\/wp\/v2\/media?parent=7068"}],"wp:term":[{"taxonomy":"category","embeddable":true,"href":"https:\/\/jarnac-champagne.fr\/index.php\/wp-json\/wp\/v2\/categories?post=7068"},{"taxonomy":"post_tag","embeddable":true,"href":"https:\/\/jarnac-champagne.fr\/index.php\/wp-json\/wp\/v2\/tags?post=7068"}],"curies":[{"name":"wp","href":"https:\/\/api.w.org\/{rel}","templated":true}]}}