{"id":713,"date":"2020-07-30T23:33:41","date_gmt":"2020-07-30T21:33:41","guid":{"rendered":"https:\/\/jarnac-champagne.fr\/\/\/?p=713"},"modified":"2020-07-30T23:35:46","modified_gmt":"2020-07-30T21:35:46","slug":"alerte-prefecture","status":"publish","type":"post","link":"https:\/\/jarnac-champagne.fr\/index.php\/2020\/07\/30\/alerte-prefecture\/","title":{"rendered":"ALERTE PREFECTURE !!!"},"content":{"rendered":"\n<div class=\"wp-block-image\"><figure class=\"aligncenter size-large\"><img loading=\"lazy\" decoding=\"async\" width=\"724\" height=\"1024\" src=\"https:\/\/jarnac-champagne.fr\/\/\/wp-content\/uploads\/2020\/07\/Alerte_Feux-1-724x1024.png\" alt=\"\" class=\"wp-image-715\" srcset=\"https:\/\/jarnac-champagne.fr\/wp-content\/uploads\/2020\/07\/Alerte_Feux-1-724x1024.png 724w, https:\/\/jarnac-champagne.fr\/wp-content\/uploads\/2020\/07\/Alerte_Feux-1-212x300.png 212w, https:\/\/jarnac-champagne.fr\/wp-content\/uploads\/2020\/07\/Alerte_Feux-1-768x1087.png 768w, https:\/\/jarnac-champagne.fr\/wp-content\/uploads\/2020\/07\/Alerte_Feux-1.png 810w\" sizes=\"auto, (max-width: 724px) 100vw, 724px\" \/><\/figure><\/div>\n\n\n\n<p>Le d\u00e9partement de la Charente-Maritime est plac\u00e9 au niveau \u00ab Risque tr\u00e8s s\u00e9v\u00e8re \u00bb du plan de vigilance <strong>feux de for\u00eat.<\/strong><\/p>\n","protected":false},"excerpt":{"rendered":"<p>Le d\u00e9partement de la Charente-Maritime est plac\u00e9 au niveau \u00ab Risque tr\u00e8s s\u00e9v\u00e8re \u00bb du plan de vigilance feux de<\/p>\n","protected":false},"author":1,"featured_media":547,"comment_status":"open","ping_status":"open","sticky":false,"template":"","format":"standard","meta":{"colormag_page_container_layout":"default_layout","colormag_page_sidebar_layout":"default_layout","footnotes":""},"categories":[16],"tags":[],"class_list":["post-713","post","type-post","status-publish","format-standard","has-post-thumbnail","hentry","category-alerte"],"_links":{"self":[{"href":"https:\/\/jarnac-champagne.fr\/index.php\/wp-json\/wp\/v2\/posts\/713","targetHints":{"allow":["GET"]}}],"collection":[{"href":"https:\/\/jarnac-champagne.fr\/index.php\/wp-json\/wp\/v2\/posts"}],"about":[{"href":"https:\/\/jarnac-champagne.fr\/index.php\/wp-json\/wp\/v2\/types\/post"}],"author":[{"embeddable":true,"href":"https:\/\/jarnac-champagne.fr\/index.php\/wp-json\/wp\/v2\/users\/1"}],"replies":[{"embeddable":true,"href":"https:\/\/jarnac-champagne.fr\/index.php\/wp-json\/wp\/v2\/comments?post=713"}],"version-history":[{"count":1,"href":"https:\/\/jarnac-champagne.fr\/index.php\/wp-json\/wp\/v2\/posts\/713\/revisions"}],"predecessor-version":[{"id":717,"href":"https:\/\/jarnac-champagne.fr\/index.php\/wp-json\/wp\/v2\/posts\/713\/revisions\/717"}],"wp:featuredmedia":[{"embeddable":true,"href":"https:\/\/jarnac-champagne.fr\/index.php\/wp-json\/wp\/v2\/media\/547"}],"wp:attachment":[{"href":"https:\/\/jarnac-champagne.fr\/index.php\/wp-json\/wp\/v2\/media?parent=713"}],"wp:term":[{"taxonomy":"category","embeddable":true,"href":"https:\/\/jarnac-champagne.fr\/index.php\/wp-json\/wp\/v2\/categories?post=713"},{"taxonomy":"post_tag","embeddable":true,"href":"https:\/\/jarnac-champagne.fr\/index.php\/wp-json\/wp\/v2\/tags?post=713"}],"curies":[{"name":"wp","href":"https:\/\/api.w.org\/{rel}","templated":true}]}}